{"id":14336,"date":"2020-06-19T12:29:58","date_gmt":"2020-06-19T15:29:58","guid":{"rendered":"http:\/\/blogs.correiobraziliense.com.br\/vicente\/?p=14336"},"modified":"2020-06-19T12:29:58","modified_gmt":"2020-06-19T15:29:58","slug":"banco-mundial-articula-para-barrar-indicacao-de-weintraub","status":"publish","type":"post","link":"https:\/\/blogs.correiobraziliense.com.br\/vicente\/banco-mundial-articula-para-barrar-indicacao-de-weintraub\/","title":{"rendered":"Integrantes do Banco Mundial articulam para barrar indica\u00e7\u00e3o de Weintraub"},"content":{"rendered":"<h6><strong>ROSANA HESSEL<\/strong><\/h6>\n<p><span style=\"font-weight: 400\">Apesar de ter anunciado, ontem,<a href=\"https:\/\/www.correiobraziliense.com.br\/app\/noticia\/politica\/2020\/06\/19\/interna_politica,865069\/sim-desta-vez-e-verdade-diz-weintraub-ao-confirmar-demissao.shtml\"> que estava deixando o Minist\u00e9rio da Educa\u00e7\u00e3o para ir para Washington ser diretor executivo do Banco Mundial<\/a>, o economista Abraham Weintraub pode ter sua indica\u00e7\u00e3o barrada dentro e fora da institui\u00e7\u00e3o.\u00a0<\/span><\/p>\n<p><span style=\"font-weight: 400\">Integrantes do banco est\u00e3o se movimentando para impedir a posse de Weintraub como diretor executivo do board de representantes de 189 pa\u00edses que possuem a\u00e7\u00f5es da institui\u00e7\u00e3o, segundo fontes pr\u00f3ximas ao \u00f3rg\u00e3o. No Brasil, uma nota enviada aos acionistas feita por um grupo liderado pelo diplomata e ex-ministro da Fazenda Rubens Ricupero faz um alerta aos acionistas sobre da indica\u00e7\u00e3o, conforme informou o <em>Blog do Sakamoto<\/em> nesta sexta-feira (19\/6).\u00a0 <\/span><\/p>\n<p>&nbsp;<\/p>\n<p><span style=\"font-weight: 400\">Procurado, Ricupero contou ao <strong>Blog<\/strong> que pediu para um amigo coletar assinaturas porque considera a indica\u00e7\u00e3o &#8220;um\u00a0<\/span>atentado ao pouqu\u00edssimo que restava da credibilidade externa do Brasil&#8221;.\u00a0 Para ele, o governo destro\u00e7ou o patrim\u00f4nio de soft power acumulado pelo pa\u00eds em d\u00e9cadas de atua\u00e7\u00e3o proativa em meio ambiente, direitos humanos, povos ind\u00edgenas, reforma da ordem internacional, o que restava era ainda um resqu\u00edcio de compet\u00eancia e seriedade t\u00e9cnicas dos representantes brasileiros em \u00f3rg\u00e3os financeiros mundiais como o Banco Mundial, o FMI (Fundo Monet\u00e1rio Internacional) e o BID (Banco Interamericano de Desenvolvimento). &#8220;Agora, com a indica\u00e7\u00e3o de indiv\u00edduo desqualificado e extremista de direita, at\u00e9 esse resqu\u00edcio desaparece. A \u00fanica esperan\u00e7a \u00e9 que os outros pa\u00edses representados pelo diretor do Brasil no Banco Mundial, nossa \u201cconstituency\u201d, como se diz na organiza\u00e7\u00e3o,\u00a0 resistam \u00e0 absurda indica\u00e7\u00e3o. Ou que a pr\u00f3pria dire\u00e7\u00e3o do Banco por meio de seus mecanismos de defesa de valores de direitos humanos se oponha um veto em nome da dec\u00eancia&#8221;, declarou o ex-ministro que j\u00e1 foi\u00a0representante do Brasil nas Organiza\u00e7\u00f5es das Na\u00e7\u00f5es Unidas (ONU) e embaixador do pa\u00eds nos Estados Unidos.<\/p>\n<p>&nbsp;<\/p>\n<p>Na carta enviada para as embaixadas dos pa\u00edses membros do Banco Mundial, Ricupero e seus apoiadores desaconselham &#8220;fortemente&#8221; a indica\u00e7\u00e3o de Weintraub e alegam os riscos de &#8220;danos irrepar\u00e1veis&#8221; que ele causaria aos respectivos pa\u00edses e na institui\u00e7\u00e3o. &#8220;Em primeiro lugar, a demiss\u00e3o de Weintraub de sua posi\u00e7\u00e3o \u00e9 o culminar de um\u00a0ambiente destrutivo e venenoso que ele inflou em todo o sistema pol\u00edtico do Brasil&#8221;, diz o texto do documento enviado ao Blog e que est\u00e1 anexado abaixo.<\/p>\n<p>&nbsp;<\/p>\n<p>De acordo com Philip Yang, empres\u00e1rio que ajudou Ricupero na distribui\u00e7\u00e3o da nota, informou que foram coletadas umas 300 assinaturas.<\/p>\n<p>&nbsp;<\/p>\n<h2><strong>Contradi\u00e7\u00e3o<\/strong><\/h2>\n<p>&nbsp;<\/p>\n<p><span style=\"font-weight: 400\">A indica\u00e7\u00e3o de uma pessoa com perfil ideol\u00f3gico e sem traquejo diplom\u00e1tico como Weintraub para o Banco Mundial \u00e9 uma contradi\u00e7\u00e3o dentro do organismo multilateral, sempre criticado por bolsonaristas e que demanda pessoas equilibradas para as negocia\u00e7\u00f5es entre os pares, inclusive, com um dos maiores desafetos do ex-ministro: a China, um dos principais acionistas do banco.\u00a0<\/span><\/p>\n<p>&nbsp;<\/p>\n<p><span style=\"font-weight: 400\">\u201cA China \u00e9 o terceiro maior acionista do Banco Mundial e ocupa uma cadeira muito importante na Diretoria-Executiva. At\u00e9 mais porque agora vou estudar imune\u201d, destacou em rede social a economista Monica de Bolle, pesquisa<\/span><span style=\"font-weight: 400\">dora s\u00eanior do Peterson Institute for International Economics (PIIE), em Washington, e que j\u00e1 trabalhou no Fundo Monet\u00e1rio Internacional (FMI). Para ela, Weintraub \u201cn\u00e3o passar\u00e1\u201d pelo crivo dos acionistas do banco.<\/span><\/p>\n<p>&nbsp;<\/p>\n<p><span style=\"font-weight: 400\">O cargo que o presidente Jair Bolsonaro pretende \u201cpremiar\u201d o ex-ministro pol\u00eamico e cheio de desafetos, com um sal\u00e1rio anual de R$ 1,3 milh\u00e3o, era ocupado pelo atual diretor do Banco Central, <\/span><span style=\"font-weight: 400\">F\u00e1bio Kanczuk. Ele est\u00e1 vago desde o ano passado e o mandato atual expira em 31 de outubro. <\/span><\/p>\n<p>&nbsp;<\/p>\n<p><span style=\"font-weight: 400\">A escolha do representante do Brasil para ocupar a Diretoria Executiva do Banco Mundial \u00e9 tradicionalmente feita pelo Minist\u00e9rio da Economia, que s\u00f3 confirmou a indica\u00e7\u00e3o na noite de ontem, horas ap\u00f3s a publica\u00e7\u00e3o do v\u00eddeo de Weintraub <a href=\"https:\/\/www.correiobraziliense.com.br\/app\/noticia\/politica\/2020\/06\/18\/interna_politica,864951\/em-video-weintraub-explica-a-saida-do-ministerio-da-educacao-veja.shtml\">anunciando que estava deixando o Minist\u00e9rio da Educa\u00e7\u00e3o para mudar-se para os Estados Unidos com a fam\u00edlia e a cachorrinha Capitu<\/a>.<\/span><\/p>\n<p>&nbsp;<\/p>\n<p>&nbsp;<\/p>\n<p><strong>Mandato-tamp\u00e3o<\/strong><\/p>\n<p>&nbsp;<\/p>\n<p><span style=\"font-weight: 400\">Procurado, o Banco Mundial informou em nota que recebeu uma comunica\u00e7\u00e3o oficial das autoridades brasileiras de Weintraub representando o Brasil e demais pa\u00edses do seu grupo (constituency) no Conselho da institui\u00e7\u00e3o, mas ele ainda precisa ter seu nome aprovado para ficar nesse per\u00edodo restante do mandato. \u201cSe eleito pelo seu constituency, ele cumprir\u00e1 o restante do atual mandato que termina em 31 de outubro de 2020, quando ser\u00e1 necess\u00e1ria uma nova nomea\u00e7\u00e3o e nova elei\u00e7\u00e3o\u201d, destacou a declara\u00e7\u00e3o.<\/span><\/p>\n<p>&nbsp;<\/p>\n<p><span style=\"font-weight: 400\">Weintraub, portanto, pode n\u00e3o conseguir sequer sentar na cadeira durante o mandato-tamp\u00e3o de Kanczuk e, muito menos, ter seu nome aprovado pelos demais pa\u00edses, porque eles n\u00e3o foram consultados antes por conta do atabalhoamento da indica\u00e7\u00e3o que acabou sendo avaliada como uma forma de desviar o foco da pris\u00e3o do amigo de Bolsonaro, <a href=\"https:\/\/www.correiobraziliense.com.br\/app\/noticia\/politica\/2020\/06\/19\/interna_politica,865070\/operacao-contra-queiroz-e-a-tempestade-perfeita-sobre-o-planalto.shtml\">o ex-policial Fabr\u00edcio Queiroz<\/a>.\u00a0\u00a0<\/span><\/p>\n<p>&nbsp;<\/p>\n<p><span style=\"font-weight: 400\">A cadeira representada pelo Brasil na Diretoria Executiva do Banco Mundial \u00e9 integrada por Col\u00f4mbia, Equador, Trinidad e Tobago, Filipinas, Suriname, Haiti, Rep\u00fablica Dominicana e Panam\u00e1. A<\/span><span style=\"font-weight: 400\">\u00a0praxe, ali\u00e1s, \u00e9 que o nome para a diretoria seja submetido \u00e0 aprova\u00e7\u00e3o pr\u00e9via dos demais acionistas do grupo liderado pelo Brasil, para depois ser oficialmente anunciado. Se Weintraub for barrado, ser\u00e1 um vexame internacional para o pa\u00eds, pois isso n\u00e3o costuma acontecer. Para Monica, mesmo se ele conseguir ser aprovado para o mandato-tamp\u00e3o, o que \u00e9 mais prov\u00e1vel, dificilmente ele conseguir\u00e1 permanecer no cargo quando houver novas elei\u00e7\u00f5es.<\/span><\/p>\n<p>&nbsp;<\/p>\n<p><span style=\"font-weight: 400\">N<\/span><span style=\"font-weight: 400\">o comunicado confirmando a indica\u00e7\u00e3o, o Minist\u00e9rio da Economia destacou que Weintraub tem \u201cmais de 20 anos de atua\u00e7\u00e3o como executivo no mercado financeiro\u201d, atuando como economista-chefe e diretor do Banco Votorantim, al\u00e9m de CEO da Votorantim Corretora no Brasil e da Votorantim Securities no Estados Unidos e na Inglaterra. Vale lembrar que a indica\u00e7\u00e3o do Brasil para a diretoria executiva \u00e9 para cargo de membro do Conselho do banco e n\u00e3o de funcion\u00e1rio.<\/span><\/p>\n<p>&nbsp;<\/p>\n<p>Apesar de n\u00e3o ser comum um nome indicado pelo governo brasileiro ser barrado no Banco Mundial, fontes lembram ainda que antes de assumir o suposto cargo de dire\u00e7\u00e3o do organismo, o ex-ministro tamb\u00e9m precisar\u00e1 ser avaliado pelo Bank Information Center (BIC) se ele n\u00e3o tem den\u00fancias de racismo no curr\u00edculo. Em abril, o Supremo Tribunal Federal (STF) abriu processo para investigar Weintraub por suposto crime de racismo contra os chineses.<\/p>\n<p>&nbsp;<\/p>\n<p>Veja a carta enviada para o conselho e as embaixadas dos pa\u00edses membros do Banco Mundial:<\/p>\n<p><a href=\"http:\/\/blogs.correiobraziliense.com.br\/vicente\/wp-content\/uploads\/sites\/16\/2020\/06\/Letter-World-Bank-3.docx\">Letter World Bank (3)<\/a><\/p>\n<p>&nbsp;<\/p>\n<p>&nbsp;<\/p>\n","protected":false},"excerpt":{"rendered":"<p>ROSANA HESSEL Apesar de ter anunciado, ontem, que estava deixando o Minist\u00e9rio da Educa\u00e7\u00e3o para ir para Washington ser diretor executivo do Banco Mundial, o economista Abraham Weintraub pode ter sua indica\u00e7\u00e3o barrada dentro e fora da institui\u00e7\u00e3o.\u00a0 Integrantes do banco est\u00e3o se movimentando para impedir a posse de Weintraub como diretor executivo do board [&hellip;]<\/p>\n","protected":false},"author":22,"featured_media":14343,"comment_status":"open","ping_status":"closed","sticky":false,"template":"","format":"standard","meta":{"footnotes":""},"categories":[600],"tags":[3959,1704,2922],"class_list":["post-14336","post","type-post","status-publish","format-standard","has-post-thumbnail","hentry","category-economia","tag-abraham-weintraub","tag-banco-mundial","tag-jair-bolsonaro"],"_links":{"self":[{"href":"https:\/\/blogs.correiobraziliense.com.br\/vicente\/wp-json\/wp\/v2\/posts\/14336","targetHints":{"allow":["GET"]}}],"collection":[{"href":"https:\/\/blogs.correiobraziliense.com.br\/vicente\/wp-json\/wp\/v2\/posts"}],"about":[{"href":"https:\/\/blogs.correiobraziliense.com.br\/vicente\/wp-json\/wp\/v2\/types\/post"}],"author":[{"embeddable":true,"href":"https:\/\/blogs.correiobraziliense.com.br\/vicente\/wp-json\/wp\/v2\/users\/22"}],"replies":[{"embeddable":true,"href":"https:\/\/blogs.correiobraziliense.com.br\/vicente\/wp-json\/wp\/v2\/comments?post=14336"}],"version-history":[{"count":0,"href":"https:\/\/blogs.correiobraziliense.com.br\/vicente\/wp-json\/wp\/v2\/posts\/14336\/revisions"}],"wp:featuredmedia":[{"embeddable":true,"href":"https:\/\/blogs.correiobraziliense.com.br\/vicente\/wp-json\/wp\/v2\/media\/14343"}],"wp:attachment":[{"href":"https:\/\/blogs.correiobraziliense.com.br\/vicente\/wp-json\/wp\/v2\/media?parent=14336"}],"wp:term":[{"taxonomy":"category","embeddable":true,"href":"https:\/\/blogs.correiobraziliense.com.br\/vicente\/wp-json\/wp\/v2\/categories?post=14336"},{"taxonomy":"post_tag","embeddable":true,"href":"https:\/\/blogs.correiobraziliense.com.br\/vicente\/wp-json\/wp\/v2\/tags?post=14336"}],"curies":[{"name":"wp","href":"https:\/\/api.w.org\/{rel}","templated":true}]}}