{"id":14325,"date":"2020-06-18T18:56:27","date_gmt":"2020-06-18T21:56:27","guid":{"rendered":"http:\/\/blogs.correiobraziliense.com.br\/vicente\/?p=14325"},"modified":"2020-06-18T18:56:27","modified_gmt":"2020-06-18T21:56:27","slug":"maia-ja-recebeu-48-pedidos-de-impeachment-de-bolsonaro","status":"publish","type":"post","link":"https:\/\/blogs.correiobraziliense.com.br\/vicente\/maia-ja-recebeu-48-pedidos-de-impeachment-de-bolsonaro\/","title":{"rendered":"Maia j\u00e1 recebeu 48 pedidos de impeachment de Bolsonaro"},"content":{"rendered":"<p>ROSANA HESSEL<\/p>\n<p>&nbsp;<\/p>\n<p>O presidente da C\u00e2mara dos Deputados, Rodrigo Maia (DEM-RJ), j\u00e1 recebeu 48 den\u00fancias ou pedidos de impeachment contra o presidente Jair Bolsonaro at\u00e9 o \u00faltimo dia 8.\u00a0 Esse \u00e9 o n\u00famero de um levantamento feito pela assessoria da Casa e que foi solicitado pelo\u00a0<strong>Blog<\/strong>.<\/p>\n<p>&nbsp;<\/p>\n<p>Do total de pedidos, apenas quatro n\u00e3o constam em an\u00e1lise atualmente.\u00a0O primeiro deles foi protocolado em fevereiro de 2019, ou seja, aos 36 dias de governo do chefe do capit\u00e3o reformado. Mas a maioria das solicita\u00e7\u00f5es ocorreram desde fevereiro deste ano, principalmente, ap\u00f3s o aumento de mortes devido \u00e0 pandemia de covid-19 no pa\u00eds e das pol\u00eamicas participa\u00e7\u00f5es do presidente em manifesta\u00e7\u00f5es que pediam o fechamento do Congresso e do Supremo Tribunal Federal (STF).\u00a0Ao todo, foram seis pedidos de afastamento em 2019 e 42 em 2020.<\/p>\n<p>&nbsp;<\/p>\n<p>Entre os solicitantes, destacam-se os ex-apoiadores de Bolsonaro, os deputados Alexandre Frota (PSDB-SP) e Joice Hasselmann (PSL-SP), e os l\u00edderes da oposi\u00e7\u00e3o Randolfe Rodrigues (Rede-AP), Alessandro Molon (PSB-RJ) e\u00a0Fernanda Melchionna (PSOL-RS).<\/p>\n<p>&nbsp;<\/p>\n<p>Apesar do n\u00famero crescente de den\u00fancias de crimes de responsabilidade contra Bolsonaro se acumulando na gaveta nos \u00faltimos meses, Maia tem evitado comentar sobre o assunto.<\/p>\n<p>&nbsp;<\/p>\n<p>Bolsonaro ainda protagoniza uma nova crise pol\u00edtica ap\u00f3s a pris\u00e3o, nesta quinta-feira (18\/06), do ex-policial militar Fabr\u00edcio Queiroz, amigo do presidente e ex-assessor do gabinete do filho mais velho do chefe do Executivo, o senador Fl\u00e1vio Bolsonaro (Republicanos-RJ).\u00a0Queiroz estava escondido na casa do advogado da fam\u00edlia Frederick Wassef em Atibaia, no interior de S\u00e3o Paulo, e a expectativa de analistas \u00e9 sobre o que o militar e sua mulher, que est\u00e1 foragida, t\u00eam a revelar para a Justi\u00e7a.<\/p>\n<p>&nbsp;<\/p>\n<p>Vale lembrar que, em dezembro 2015, quando o ex-presidente da C\u00e2mara, Eduardo Cunha (ex-MDB-RJ), aceitou um pedido de abertura do processo de impeachment da ex-presidente Dilma Rousseff, o parlamentar tinha sete pedidos de afastamento em an\u00e1lise.<\/p>\n<p>&nbsp;<\/p>\n<p>Veja a lista dos pedidos ou den\u00fancias contra Bolsonaro recebidos pela C\u00e2mara:<\/p>\n<p>&nbsp;<\/p>\n<p><a href=\"http:\/\/blogs.correiobraziliense.com.br\/vicente\/wp-content\/uploads\/sites\/16\/2020\/06\/DEN\u00daNCIAS-CONTRA-O-PRESIDENTE-JAIR-BOLSONARO-1.pdf\">DEN\u00daNCIAS CONTRA O PRESIDENTE JAIR BOLSONARO (1)<\/a><\/p>\n<p>&nbsp;<\/p>\n","protected":false},"excerpt":{"rendered":"<p>ROSANA HESSEL &nbsp; O presidente da C\u00e2mara dos Deputados, Rodrigo Maia (DEM-RJ), j\u00e1 recebeu 48 den\u00fancias ou pedidos de impeachment contra o presidente Jair Bolsonaro at\u00e9 o \u00faltimo dia 8.\u00a0 Esse \u00e9 o n\u00famero de um levantamento feito pela assessoria da Casa e que foi solicitado pelo\u00a0Blog. &nbsp; Do total de pedidos, apenas quatro n\u00e3o [&hellip;]<\/p>\n","protected":false},"author":22,"featured_media":0,"comment_status":"open","ping_status":"closed","sticky":false,"template":"","format":"standard","meta":{"footnotes":""},"categories":[600],"tags":[134,62,2922,656],"class_list":["post-14325","post","type-post","status-publish","format-standard","hentry","category-economia","tag-camara","tag-impeachment","tag-jair-bolsonaro","tag-rodrigo-maia"],"_links":{"self":[{"href":"https:\/\/blogs.correiobraziliense.com.br\/vicente\/wp-json\/wp\/v2\/posts\/14325","targetHints":{"allow":["GET"]}}],"collection":[{"href":"https:\/\/blogs.correiobraziliense.com.br\/vicente\/wp-json\/wp\/v2\/posts"}],"about":[{"href":"https:\/\/blogs.correiobraziliense.com.br\/vicente\/wp-json\/wp\/v2\/types\/post"}],"author":[{"embeddable":true,"href":"https:\/\/blogs.correiobraziliense.com.br\/vicente\/wp-json\/wp\/v2\/users\/22"}],"replies":[{"embeddable":true,"href":"https:\/\/blogs.correiobraziliense.com.br\/vicente\/wp-json\/wp\/v2\/comments?post=14325"}],"version-history":[{"count":0,"href":"https:\/\/blogs.correiobraziliense.com.br\/vicente\/wp-json\/wp\/v2\/posts\/14325\/revisions"}],"wp:attachment":[{"href":"https:\/\/blogs.correiobraziliense.com.br\/vicente\/wp-json\/wp\/v2\/media?parent=14325"}],"wp:term":[{"taxonomy":"category","embeddable":true,"href":"https:\/\/blogs.correiobraziliense.com.br\/vicente\/wp-json\/wp\/v2\/categories?post=14325"},{"taxonomy":"post_tag","embeddable":true,"href":"https:\/\/blogs.correiobraziliense.com.br\/vicente\/wp-json\/wp\/v2\/tags?post=14325"}],"curies":[{"name":"wp","href":"https:\/\/api.w.org\/{rel}","templated":true}]}}