{"id":14321,"date":"2020-06-18T17:01:31","date_gmt":"2020-06-18T20:01:31","guid":{"rendered":"http:\/\/blogs.correiobraziliense.com.br\/vicente\/?p=14321"},"modified":"2020-06-18T17:01:31","modified_gmt":"2020-06-18T20:01:31","slug":"arthur-weintraub-irmao-do-agora-ex-ministro-da-educacao-tambem-deixara-governo","status":"publish","type":"post","link":"https:\/\/blogs.correiobraziliense.com.br\/vicente\/arthur-weintraub-irmao-do-agora-ex-ministro-da-educacao-tambem-deixara-governo\/","title":{"rendered":"Arthur Weintraub, irm\u00e3o do agora ex-ministro da Educa\u00e7\u00e3o, tamb\u00e9m deixar\u00e1 governo"},"content":{"rendered":"<h2>Assessor especial da Presid\u00eancia da Rep\u00fablica, Arthur Weintraub, irm\u00e3o do agora ex-ministro da Educa\u00e7\u00e3o, Abraham Weintraub, tamb\u00e9m dever\u00e1 deixar o governo, segundo fontes do Pal\u00e1cio do Planalto. Tudo j\u00e1 foi negociado com o presidente Jair Bolsonaro.<\/h2>\n<p>&nbsp;<\/p>\n<p>Arthur foi aconselhado por integrantes do governo a se afastar neste momento conturbado para o presidente da Rep\u00fablica, que est\u00e1 no olho do fura\u00e7\u00e3o com a pris\u00e3o de Fabr\u00edcio Queiroz, ex-assessor de Bolsonaro e do filho dele, Fl\u00e1vio, hoje senador. Queiroz \u00e9 apontando como respons\u00e1vel pelas &#8220;rachadinhas&#8221; dentro do gabinete de Fl\u00e1vio, quando ele era deputado na Assembleia Legislativa do Rio de Janeiro.<\/p>\n<p>&nbsp;<\/p>\n<p>Os irm\u00e3os Weintraub se aproximaram da fam\u00edlia Bolsonaro durante a campanha eleitoral, ao apresentarem proposta para uma eventual reforma da previd\u00eancia. Na mesma \u00e9poca, os dois ficaram amigos de Onyx Lorenzoni (DEM-RS), um dos coordenadores da campanha de Bolsonaro.<\/p>\n<p>&nbsp;<\/p>\n<p>Dentro do governo, s\u00e3o muitas as ressalvas aos irm\u00e3os Weintraub, considerados extremamente reacion\u00e1rios. Mas eles s\u00e3o muito bem-vistos pela ala ideol\u00f3gica, que movimenta o apoio do governo por meio das redes sociais.<\/p>\n<p>&nbsp;<\/p>\n<p>Ainda n\u00e3o se sabe o destino de Arthur, mas Abraham Weintraub ir\u00e1 para o Banco Mundial, com sede em Washington, nos Estados Unidos. Ocupar\u00e1 uma das vagas que o Brasil tem direito na institui\u00e7\u00e3o. Abraham se apresenta como economista.<\/p>\n<p>&nbsp;<\/p>\n<p>O agora ex-ministro da Educa\u00e7\u00e3o teve a cabe\u00e7a entregue por Bolsonaro, que precisa, urgentemente, reconstruir as pontes com o Congresso e com o Judici\u00e1rio. Abraham Weintraub \u00e9 recha\u00e7ado dentro do Supremo Tribunal Federal (STF) por ter chamado os ministros da Corte de &#8220;bandidos&#8221;, que &#8220;deveriam estar presos&#8221;.<\/p>\n","protected":false},"excerpt":{"rendered":"<p>Assessor especial da Presid\u00eancia da Rep\u00fablica, Arthur Weintraub, irm\u00e3o do agora ex-ministro da Educa\u00e7\u00e3o, Abraham Weintraub, tamb\u00e9m dever\u00e1 deixar o governo, segundo fontes do Pal\u00e1cio do Planalto. Tudo j\u00e1 foi negociado com o presidente Jair Bolsonaro. &nbsp; Arthur foi aconselhado por integrantes do governo a se afastar neste momento conturbado para o presidente da Rep\u00fablica, [&hellip;]<\/p>\n","protected":false},"author":22,"featured_media":14322,"comment_status":"open","ping_status":"closed","sticky":false,"template":"","format":"standard","meta":{"footnotes":""},"categories":[600],"tags":[4665,4666,2554,2238,4667],"class_list":["post-14321","post","type-post","status-publish","format-standard","has-post-thumbnail","hentry","category-economia","tag-abraham","tag-arthur-weintraub","tag-bolsonaro","tag-educacao","tag-ex-ministro"],"_links":{"self":[{"href":"https:\/\/blogs.correiobraziliense.com.br\/vicente\/wp-json\/wp\/v2\/posts\/14321","targetHints":{"allow":["GET"]}}],"collection":[{"href":"https:\/\/blogs.correiobraziliense.com.br\/vicente\/wp-json\/wp\/v2\/posts"}],"about":[{"href":"https:\/\/blogs.correiobraziliense.com.br\/vicente\/wp-json\/wp\/v2\/types\/post"}],"author":[{"embeddable":true,"href":"https:\/\/blogs.correiobraziliense.com.br\/vicente\/wp-json\/wp\/v2\/users\/22"}],"replies":[{"embeddable":true,"href":"https:\/\/blogs.correiobraziliense.com.br\/vicente\/wp-json\/wp\/v2\/comments?post=14321"}],"version-history":[{"count":0,"href":"https:\/\/blogs.correiobraziliense.com.br\/vicente\/wp-json\/wp\/v2\/posts\/14321\/revisions"}],"wp:featuredmedia":[{"embeddable":true,"href":"https:\/\/blogs.correiobraziliense.com.br\/vicente\/wp-json\/wp\/v2\/media\/14322"}],"wp:attachment":[{"href":"https:\/\/blogs.correiobraziliense.com.br\/vicente\/wp-json\/wp\/v2\/media?parent=14321"}],"wp:term":[{"taxonomy":"category","embeddable":true,"href":"https:\/\/blogs.correiobraziliense.com.br\/vicente\/wp-json\/wp\/v2\/categories?post=14321"},{"taxonomy":"post_tag","embeddable":true,"href":"https:\/\/blogs.correiobraziliense.com.br\/vicente\/wp-json\/wp\/v2\/tags?post=14321"}],"curies":[{"name":"wp","href":"https:\/\/api.w.org\/{rel}","templated":true}]}}