{"id":14288,"date":"2020-06-17T18:17:32","date_gmt":"2020-06-17T21:17:32","guid":{"rendered":"http:\/\/blogs.correiobraziliense.com.br\/vicente\/?p=14288"},"modified":"2020-06-17T18:17:32","modified_gmt":"2020-06-17T21:17:32","slug":"copom-reduz-taxa-selic-de-3-para-225","status":"publish","type":"post","link":"https:\/\/blogs.correiobraziliense.com.br\/vicente\/copom-reduz-taxa-selic-de-3-para-225\/","title":{"rendered":"Copom reduz taxa Selic de 3% para 2,25%"},"content":{"rendered":"<p>ROSANA HESSEL<\/p>\n<p>&nbsp;<\/p>\n<p><span style=\"font-weight: 400\">O Comit\u00ea de Pol\u00edtica Monet\u00e1ria (Copom), do Banco Central, decidiu, nesta quarta-feira (16\/06), reduzir a Selic, taxa b\u00e1sica da economia, em 0,75 ponto percentual. Com isso, os juros b\u00e1sicos do mercado financeiro passaram de 3% para 2,25% ao ano, novo piso hist\u00f3rico. A autoridade monet\u00e1ria ainda manteve a porta aberta para novos cortes. <\/span><\/p>\n<p>&nbsp;<\/p>\n<p><span style=\"font-weight: 400\">A decis\u00e3o foi un\u00e2nime e este foi o 8\u00ba corte consecutivo na Selic diante do cen\u00e1rio de queda da infla\u00e7\u00e3o pela falta de demanda em meio \u00e0 desacelera\u00e7\u00e3o econ\u00f4mica devido \u00e0 pandemia de covid-19, provocada pelo novo coronav\u00edrus.\u00a0<\/span><\/p>\n<p>&nbsp;<\/p>\n<p><span style=\"font-weight: 400\">As estimativas do mercado apontando para um \u00cdndice de Pre\u00e7os ao Consumidor Amplo (IPCA), que mede a infla\u00e7\u00e3o oficial, com alta de 1,6% enquanto a meta para este ano est\u00e1 em 4%, com piso de 2,5% e teto de 5,5% no acumulado em 12 meses.<\/span><\/p>\n<p>&nbsp;<\/p>\n<p>A decis\u00e3o ocorreu em linha com as expectativas do mercado eram de um corte de 0,75 ponto percentual, algo que animou os operadores do mercado de a\u00e7\u00f5es diante da falta de perspectiva de retorno para o investidor na renda fixa. A Bolsa de Valores de S\u00e3o Paulo (B3) subiu 2,16% hoje, encerrando a 95.547 pontos, patamar considerado sobrevalorizado por especialistas mais cr\u00edticos uma vez que os indicadores da economia n\u00e3o s\u00e3o nada animadores, com proje\u00e7\u00f5es para o Produto Interno Bruto (PIB) deste ano sendo revisadas constantemente para baixo.<\/p>\n<p>&nbsp;<\/p>\n<p>No comunicado, o Copom admitiu que\u00a0o ambiente para as economias emergentes segue desafiador e avalia que\u00a0diversas medidas de infla\u00e7\u00e3o subjacente se encontram abaixo dos n\u00edveis compat\u00edveis &#8220;com o cumprimento da meta para a infla\u00e7\u00e3o no horizonte relevante para a pol\u00edtica monet\u00e1ria&#8221;. &#8220;O Comit\u00ea ressalta que, em seu cen\u00e1rio b\u00e1sico para a infla\u00e7\u00e3o, permanecem fatores de risco em ambas as dire\u00e7\u00f5es&#8221;, refor\u00e7ou.<\/p>\n<p>&nbsp;<\/p>\n<p>De acordo com o colegiado, &#8220;a conjuntura econ\u00f4mica continua a prescrever est\u00edmulo monet\u00e1rio extraordinariamente elevado, mas reconhece que o espa\u00e7o remanescente para utiliza\u00e7\u00e3o da pol\u00edtica monet\u00e1ria \u00e9 incerto e deve ser pequeno.<\/p>\n<p>&nbsp;<\/p>\n<p>Para as pr\u00f3ximas reuni\u00f5es, o Comit\u00ea informou que &#8220;v\u00ea como apropriado avaliar os impactos da pandemia e do conjunto de medidas de incentivo ao cr\u00e9dito e recomposi\u00e7\u00e3o de renda, e antev\u00ea que um eventual ajuste futuro no atual grau de est\u00edmulo monet\u00e1rio ser\u00e1 residual&#8221;. O Copom ainda destacou que &#8220;segue atento a revis\u00f5es do cen\u00e1rio econ\u00f4mico e de expectativas de infla\u00e7\u00e3o para o horizonte relevante de pol\u00edtica monet\u00e1ria&#8221;, sinalizando, pelo menos, um corte.<\/p>\n<p>&nbsp;<\/p>\n","protected":false},"excerpt":{"rendered":"<p>ROSANA HESSEL &nbsp; O Comit\u00ea de Pol\u00edtica Monet\u00e1ria (Copom), do Banco Central, decidiu, nesta quarta-feira (16\/06), reduzir a Selic, taxa b\u00e1sica da economia, em 0,75 ponto percentual. Com isso, os juros b\u00e1sicos do mercado financeiro passaram de 3% para 2,25% ao ano, novo piso hist\u00f3rico. A autoridade monet\u00e1ria ainda manteve a porta aberta para novos [&hellip;]<\/p>\n","protected":false},"author":22,"featured_media":0,"comment_status":"open","ping_status":"closed","sticky":false,"template":"","format":"standard","meta":{"footnotes":""},"categories":[600],"tags":[99,589,14,4,34],"class_list":["post-14288","post","type-post","status-publish","format-standard","hentry","category-economia","tag-copom","tag-economia","tag-inflacao","tag-juros","tag-selic"],"_links":{"self":[{"href":"https:\/\/blogs.correiobraziliense.com.br\/vicente\/wp-json\/wp\/v2\/posts\/14288","targetHints":{"allow":["GET"]}}],"collection":[{"href":"https:\/\/blogs.correiobraziliense.com.br\/vicente\/wp-json\/wp\/v2\/posts"}],"about":[{"href":"https:\/\/blogs.correiobraziliense.com.br\/vicente\/wp-json\/wp\/v2\/types\/post"}],"author":[{"embeddable":true,"href":"https:\/\/blogs.correiobraziliense.com.br\/vicente\/wp-json\/wp\/v2\/users\/22"}],"replies":[{"embeddable":true,"href":"https:\/\/blogs.correiobraziliense.com.br\/vicente\/wp-json\/wp\/v2\/comments?post=14288"}],"version-history":[{"count":0,"href":"https:\/\/blogs.correiobraziliense.com.br\/vicente\/wp-json\/wp\/v2\/posts\/14288\/revisions"}],"wp:attachment":[{"href":"https:\/\/blogs.correiobraziliense.com.br\/vicente\/wp-json\/wp\/v2\/media?parent=14288"}],"wp:term":[{"taxonomy":"category","embeddable":true,"href":"https:\/\/blogs.correiobraziliense.com.br\/vicente\/wp-json\/wp\/v2\/categories?post=14288"},{"taxonomy":"post_tag","embeddable":true,"href":"https:\/\/blogs.correiobraziliense.com.br\/vicente\/wp-json\/wp\/v2\/tags?post=14288"}],"curies":[{"name":"wp","href":"https:\/\/api.w.org\/{rel}","templated":true}]}}