{"id":14285,"date":"2020-06-17T17:01:44","date_gmt":"2020-06-17T20:01:44","guid":{"rendered":"http:\/\/blogs.correiobraziliense.com.br\/vicente\/?p=14285"},"modified":"2020-06-17T17:01:44","modified_gmt":"2020-06-17T20:01:44","slug":"tcu-quer-saber-quantos-militares-ocupam-cargos-civis-no-governo","status":"publish","type":"post","link":"https:\/\/blogs.correiobraziliense.com.br\/vicente\/tcu-quer-saber-quantos-militares-ocupam-cargos-civis-no-governo\/","title":{"rendered":"TCU quer saber quantos militares ocupam cargos civis no governo"},"content":{"rendered":"<h2>O ministro Bruno Dantas, do Tribunal de Contas da Uni\u00e3o (TCU) pediu ao governo que informe quanto militares est\u00e3o ocupando cargos de civis no governo federal. E cobra uma compara\u00e7\u00e3o em rela\u00e7\u00e3o aos \u00faltimos tr\u00eas anos.<\/h2>\n<p>&nbsp;<\/p>\n<p>Na vis\u00e3o do ministro, tudo indica que h\u00e1 um excesso de militares no governo. Somente no Minist\u00e9rio da Sa\u00fade foram nomeados quase 30 militares no \u00faltimo m\u00eas. Estima-se que, no total, quase 3 mil fardados ocupem fun\u00e7\u00f5es de civis, o que n\u00e3o se viu nem em per\u00edodos da ditadura militar.<\/p>\n<p>&nbsp;<\/p>\n<p>&#8220;Recentemente, s\u00e3o constantes as alus\u00f5es a uma poss\u00edvel militariza\u00e7\u00e3o excessiva do servi\u00e7o p\u00fablico civil. Trata-se de quest\u00e3o relevante, que tem levantado\u00a0preocupa\u00e7\u00e3o de setores importantes dos estudiosos da Administra\u00e7\u00e3o P\u00fablica e tamb\u00e9m da sociedade&#8221;, diz Dantas em documento ao qual o <strong>Blog<\/strong> teve acesso.<\/p>\n<p>&nbsp;<\/p>\n<p>Para ele, tal preocupa\u00e7\u00e3o se alinha tamb\u00e9m \u00e0 recente declara\u00e7\u00e3o proferida pelo ministro Lu\u00eds Roberto Barroso, do Supremo Tribunal Federal (STF). Barroso chamou a aten\u00e7\u00e3o para os riscos da militariza\u00e7\u00e3o dos setores civis do governo.<\/p>\n<p>&nbsp;<\/p>\n<p>Segundo Dantas, em processo julgado recentemente pelo TCU,\u00a0&#8220;essa quest\u00e3o tamb\u00e9m foi tangenciada, pois havia uma tentativa inicial do governo de direcionar toda a contrata\u00e7\u00e3o tempor\u00e1ria para\u00a0militares inativos, o que acabou se revertendo diante da atua\u00e7\u00e3o c\u00e9lere desta Corte, provocada pelo Minist\u00e9rio P\u00fablico de Contas&#8221;.<\/p>\n<p>&nbsp;<\/p>\n<p>&#8220;Destaco, ainda, que, na data de ontem, o site de not\u00edcias <em>Poder 360<\/em> veiculou nota acerca dessa quest\u00e3o, mencionando que, atualmente, existem quase 3 mil integrantes das for\u00e7as armadas cedidos aos tr\u00eas poderes, dos quais mais de 92,6% est\u00e3o no Executivo e 7,2%, no Judici\u00e1rio&#8221;.<\/p>\n<p>&nbsp;<\/p>\n<p>Nesse contexto, o ministro do TCU considera importante que a sociedade saiba exatamente quantos militares, ativos e inativos, ocupam atualmente cargos civis, dados os riscos de desvirtuamento das for\u00e7as armadas que isso pode representar, considerando seu papel institucional e as diferen\u00e7as entre os regimes militar e civil.<\/p>\n<p>&nbsp;<\/p>\n<p>&#8220;Por essa raz\u00e3o, proponho a este Plen\u00e1rio que se determine \u00e0 Segecex a realiza\u00e7\u00e3o de levantamento para verificar o atual quadro de militares, ativos e na reserva, que estariam compondo os cargos civis do governo neste momento, e apresentar comparativo com os \u00faltimos tr\u00eas anos, a fim de avaliarmos a situa\u00e7\u00e3o e divulgarmos esses dados \u00e0 sociedade&#8221;, frisa.<\/p>\n<p>&nbsp;<\/p>\n<p><em>Bras\u00edlia, 17h01min<\/em><\/p>\n","protected":false},"excerpt":{"rendered":"<p>O ministro Bruno Dantas, do Tribunal de Contas da Uni\u00e3o (TCU) pediu ao governo que informe quanto militares est\u00e3o ocupando cargos de civis no governo federal. E cobra uma compara\u00e7\u00e3o em rela\u00e7\u00e3o aos \u00faltimos tr\u00eas anos. &nbsp; Na vis\u00e3o do ministro, tudo indica que h\u00e1 um excesso de militares no governo. Somente no Minist\u00e9rio da [&hellip;]<\/p>\n","protected":false},"author":22,"featured_media":14290,"comment_status":"open","ping_status":"closed","sticky":false,"template":"","format":"standard","meta":{"footnotes":""},"categories":[600],"tags":[],"class_list":["post-14285","post","type-post","status-publish","format-standard","has-post-thumbnail","hentry","category-economia"],"_links":{"self":[{"href":"https:\/\/blogs.correiobraziliense.com.br\/vicente\/wp-json\/wp\/v2\/posts\/14285","targetHints":{"allow":["GET"]}}],"collection":[{"href":"https:\/\/blogs.correiobraziliense.com.br\/vicente\/wp-json\/wp\/v2\/posts"}],"about":[{"href":"https:\/\/blogs.correiobraziliense.com.br\/vicente\/wp-json\/wp\/v2\/types\/post"}],"author":[{"embeddable":true,"href":"https:\/\/blogs.correiobraziliense.com.br\/vicente\/wp-json\/wp\/v2\/users\/22"}],"replies":[{"embeddable":true,"href":"https:\/\/blogs.correiobraziliense.com.br\/vicente\/wp-json\/wp\/v2\/comments?post=14285"}],"version-history":[{"count":0,"href":"https:\/\/blogs.correiobraziliense.com.br\/vicente\/wp-json\/wp\/v2\/posts\/14285\/revisions"}],"wp:featuredmedia":[{"embeddable":true,"href":"https:\/\/blogs.correiobraziliense.com.br\/vicente\/wp-json\/wp\/v2\/media\/14290"}],"wp:attachment":[{"href":"https:\/\/blogs.correiobraziliense.com.br\/vicente\/wp-json\/wp\/v2\/media?parent=14285"}],"wp:term":[{"taxonomy":"category","embeddable":true,"href":"https:\/\/blogs.correiobraziliense.com.br\/vicente\/wp-json\/wp\/v2\/categories?post=14285"},{"taxonomy":"post_tag","embeddable":true,"href":"https:\/\/blogs.correiobraziliense.com.br\/vicente\/wp-json\/wp\/v2\/tags?post=14285"}],"curies":[{"name":"wp","href":"https:\/\/api.w.org\/{rel}","templated":true}]}}