{"id":14276,"date":"2020-06-16T13:01:31","date_gmt":"2020-06-16T16:01:31","guid":{"rendered":"http:\/\/blogs.correiobraziliense.com.br\/vicente\/?p=14276"},"modified":"2020-06-16T13:01:31","modified_gmt":"2020-06-16T16:01:31","slug":"weintraub-sabe-demais-para-ser-defenestrado-do-governo-sem-compensacoes-dizem-integrantes-do-governo","status":"publish","type":"post","link":"https:\/\/blogs.correiobraziliense.com.br\/vicente\/weintraub-sabe-demais-para-ser-defenestrado-do-governo-sem-compensacoes-dizem-integrantes-do-governo\/","title":{"rendered":"Weintraub sabe demais para ser defenestrado do governo sem compensa\u00e7\u00f5es, dizem integrantes do governo"},"content":{"rendered":"<h2>Pode ser at\u00e9 que o presidente Jair Bolsonaro tire Abraham Weintraub do Minist\u00e9rio da Educa\u00e7\u00e3o, mas ele j\u00e1 foi alertado, por assessores muito pr\u00f3ximos, que o ministro sabe demais para ser defenestrado do governo sem nenhuma compensa\u00e7\u00e3o.<\/h2>\n<p>&nbsp;<\/p>\n<p>Weintraub, segundo esses assessores, \u00e9 muito ligado aos integrantes do gabinete do \u00f3dio, que est\u00e1 no centro do inqu\u00e9rito aberto pelo Supremo Tribunal Federal (STF) para investigar a dissemina\u00e7\u00e3o de fake news com o intuito de destruir reputa\u00e7\u00f5es e de defender a\u00e7\u00f5es antidemocr\u00e1ticas.<\/p>\n<p>&nbsp;<\/p>\n<p>N\u00e3o por acaso, dois filhos dos presidente, <a href=\"http:\/\/blogs.correiobraziliense.com.br\/vicente\/carlos-e-eduardo-sao-contra-bolsonaro-entregar-cabeca-de-weintraub-a-inimigos\/\">Carlos e Eduardo Bolsonaro<\/a>, v\u00eam defendendo a perman\u00eancia de Weintraub no governo. Eles afirmam que o ministro tem uma longa ficha de &#8220;bons servi\u00e7os&#8221; prestados ao governo.<\/p>\n<p>&nbsp;<\/p>\n<p>A posi\u00e7\u00e3o dos filhos, por sinal, est\u00e1 pesando mais na decis\u00e3o de Bolsonaro sobre o futuro de Weintraub do que as queixas contra o ministro que o presidente vem recebendo de militares que participam do governo e de integrantes do Centr\u00e3o, grupo politico ao qual o Pal\u00e1cio do Planalto recorreu em busca de apoio no Congresso.<\/p>\n<p>&nbsp;<\/p>\n<p><strong>Miss\u00e3o dada \u00e9 miss\u00e3o cumprida<\/strong><\/p>\n<p>&nbsp;<\/p>\n<p>Ao presidente Bolsonaro, Weintraub diz que seguir\u00e1 a miss\u00e3o que lhe for dada pelo chefe. Mas ele n\u00e3o esconde que gostaria de continuar \u00e0 frente do Minist\u00e9rio da Educa\u00e7\u00e3o, pois ainda n\u00e3o conseguiu cumprir o seu objetivo de &#8220;limpar as universidades da mentalidade esquerdista&#8221; que se consolidou nas institui\u00e7\u00f5es nos \u00faltimos 30 anos.<\/p>\n<p>&nbsp;<\/p>\n<p>&#8220;Engana-se quem pensa que Weintraub est\u00e1 em baixa no governo&#8221;, diz um dos principais assessores do Pal\u00e1cio do Planalto. &#8220;Ele \u00e9 muito bem-quisto pela fam\u00edlia Bolsonaro. Os filhos do presidente elogiam muito a forma como o ministro defende o governo&#8221;, acrescenta.<\/p>\n<p>&nbsp;<\/p>\n<p>Outro assessor diz que Weintraub &#8220;\u00e9 leal&#8221; e merece todo apoio. &#8220;\u00c9 essa lealdade que prevalecer\u00e1 caso ele tenha que deixar o governo numa tentativa do presidente de reconstruir pontes com o STF e com o Congresso&#8221;, frisa.<\/p>\n<p>&nbsp;<\/p>\n<p>Outro ponto importante que pesar\u00e1 no destino de Weintraub: o andamento das investiga\u00e7\u00f5es do STF sobre fake news. Ele \u00e9 um dos personagens principais de todas as linhas de apura\u00e7\u00e3o, assim como Carlos e Eduardo Bolsonaro.<\/p>\n<p>&nbsp;<\/p>\n<p><em>Bras\u00edlia, 13h01min<\/em><\/p>\n","protected":false},"excerpt":{"rendered":"<p>Pode ser at\u00e9 que o presidente Jair Bolsonaro tire Abraham Weintraub do Minist\u00e9rio da Educa\u00e7\u00e3o, mas ele j\u00e1 foi alertado, por assessores muito pr\u00f3ximos, que o ministro sabe demais para ser defenestrado do governo sem nenhuma compensa\u00e7\u00e3o. &nbsp; Weintraub, segundo esses assessores, \u00e9 muito ligado aos integrantes do gabinete do \u00f3dio, que est\u00e1 no centro [&hellip;]<\/p>\n","protected":false},"author":22,"featured_media":11101,"comment_status":"open","ping_status":"closed","sticky":false,"template":"","format":"standard","meta":{"footnotes":""},"categories":[600],"tags":[2554,2450,22,2650,2238,467,769,914,4333],"class_list":["post-14276","post","type-post","status-publish","format-standard","has-post-thumbnail","hentry","category-economia","tag-bolsonaro","tag-carlos","tag-demissao","tag-eduardo","tag-educacao","tag-governo","tag-militares","tag-ministro","tag-weintraub"],"_links":{"self":[{"href":"https:\/\/blogs.correiobraziliense.com.br\/vicente\/wp-json\/wp\/v2\/posts\/14276","targetHints":{"allow":["GET"]}}],"collection":[{"href":"https:\/\/blogs.correiobraziliense.com.br\/vicente\/wp-json\/wp\/v2\/posts"}],"about":[{"href":"https:\/\/blogs.correiobraziliense.com.br\/vicente\/wp-json\/wp\/v2\/types\/post"}],"author":[{"embeddable":true,"href":"https:\/\/blogs.correiobraziliense.com.br\/vicente\/wp-json\/wp\/v2\/users\/22"}],"replies":[{"embeddable":true,"href":"https:\/\/blogs.correiobraziliense.com.br\/vicente\/wp-json\/wp\/v2\/comments?post=14276"}],"version-history":[{"count":0,"href":"https:\/\/blogs.correiobraziliense.com.br\/vicente\/wp-json\/wp\/v2\/posts\/14276\/revisions"}],"wp:featuredmedia":[{"embeddable":true,"href":"https:\/\/blogs.correiobraziliense.com.br\/vicente\/wp-json\/wp\/v2\/media\/11101"}],"wp:attachment":[{"href":"https:\/\/blogs.correiobraziliense.com.br\/vicente\/wp-json\/wp\/v2\/media?parent=14276"}],"wp:term":[{"taxonomy":"category","embeddable":true,"href":"https:\/\/blogs.correiobraziliense.com.br\/vicente\/wp-json\/wp\/v2\/categories?post=14276"},{"taxonomy":"post_tag","embeddable":true,"href":"https:\/\/blogs.correiobraziliense.com.br\/vicente\/wp-json\/wp\/v2\/tags?post=14276"}],"curies":[{"name":"wp","href":"https:\/\/api.w.org\/{rel}","templated":true}]}}