{"id":14267,"date":"2020-06-15T15:47:25","date_gmt":"2020-06-15T18:47:25","guid":{"rendered":"http:\/\/blogs.correiobraziliense.com.br\/vicente\/?p=14267"},"modified":"2020-06-15T15:47:25","modified_gmt":"2020-06-15T18:47:25","slug":"carlos-e-eduardo-sao-contra-bolsonaro-entregar-cabeca-de-weintraub-a-inimigos","status":"publish","type":"post","link":"https:\/\/blogs.correiobraziliense.com.br\/vicente\/carlos-e-eduardo-sao-contra-bolsonaro-entregar-cabeca-de-weintraub-a-inimigos\/","title":{"rendered":"Carlos e Eduardo s\u00e3o contra Bolsonaro entregar cabe\u00e7a de Weintraub a &#8220;inimigos&#8221;"},"content":{"rendered":"<h2>Dois filhos do presidente Jair Bolsonaro, Carlos e Eduardo, s\u00e3o contra a demiss\u00e3o de Abraham Weintraub do Minist\u00e9rio da Educa\u00e7\u00e3o. Os dois j\u00e1 disseram ao pai que ele n\u00e3o deveria entregar a cabe\u00e7a de Weintraub para os &#8220;inimigos&#8221;.<\/h2>\n<p>&nbsp;<\/p>\n<p>Tanto Carlos quanto Eduardo consideram Weintraub &#8220;fiel&#8221; e &#8220;fundamental&#8221; para movimentar as massas neste momento. Para os irm\u00e3os Bolsonaro, n\u00e3o se deve desprezar um &#8220;aliado&#8221; como o ministro, que, como poucos, veste a camisa do governo e vai para o ataque.<\/p>\n<p>&nbsp;<\/p>\n<p>Bolsonaro, por\u00e9m, est\u00e1 sendo pressionado por todos os lados para que demita Weintraub com o intuito de pavimentar uma ponte com o Supremo Tribunal Federal (STF) e o Congresso. At\u00e9 o Centr\u00e3o, grupo de partidos com o qual o presidente da Rep\u00fablica est\u00e1 contando para evitar um processo de impeachment no Congresso, cobra a demiss\u00e3o do ministro.<\/p>\n<p>&nbsp;<\/p>\n<p><strong>Pris\u00e3o<\/strong><\/p>\n<p>&nbsp;<\/p>\n<p>Segundo integrantes do Planalto, militares e pol\u00edticos que t\u00eam tr\u00e2nsito no governo alertaram o presidente que pegar\u00e1 muito mal para o governo se o Supremo pedir a pris\u00e3o de Weintraub. Neste fim de semana, o ministro voltou a classificar os ministros do Supremo como &#8220;vagabundos que deveriam est\u00e1 preso&#8221;. Ele tinha dado essa declara\u00e7\u00e3o na fat\u00eddica reuni\u00e3o ministerial de 22 de abril, que serve de base para uma investiga\u00e7\u00e3o do Supremo sobre poss\u00edvel interfer\u00eancia de Bolsonaro na Pol\u00edcia Federal.<\/p>\n<p>&nbsp;<\/p>\n<p>Os aliados de Bolsonaro acreditam que, se o ministro sair de cena neste momento, pode ser que o Supremo baixe a bola em rela\u00e7\u00e3o a ele. Nesta segunda-feira, a ministra C\u00e1rmen L\u00facia votou por manter Weintraub no inqu\u00e9rito que investiga a dissemina\u00e7\u00e3o de fake news.<\/p>\n<p>&nbsp;<\/p>\n<p>De qualquer forma, Bolsonaro n\u00e3o deixar\u00e1 Weintraub na chuva. Se realmente for demitido do Minist\u00e9rio da Educa\u00e7\u00e3o, ele receber\u00e1 um agrado do Pal\u00e1cio do Planalto. Apesar de todo o estrago que vem provocando no governo, o ainda ministro \u00e9 querido pelo presidente.<\/p>\n<p>&nbsp;<\/p>\n<p><em>Bras\u00edlia, 15h47min<\/em><\/p>\n","protected":false},"excerpt":{"rendered":"<p>Dois filhos do presidente Jair Bolsonaro, Carlos e Eduardo, s\u00e3o contra a demiss\u00e3o de Abraham Weintraub do Minist\u00e9rio da Educa\u00e7\u00e3o. Os dois j\u00e1 disseram ao pai que ele n\u00e3o deveria entregar a cabe\u00e7a de Weintraub para os &#8220;inimigos&#8221;. &nbsp; Tanto Carlos quanto Eduardo consideram Weintraub &#8220;fiel&#8221; e &#8220;fundamental&#8221; para movimentar as massas neste momento. Para [&hellip;]<\/p>\n","protected":false},"author":22,"featured_media":12208,"comment_status":"open","ping_status":"closed","sticky":false,"template":"","format":"standard","meta":{"footnotes":""},"categories":[600],"tags":[2554,2450,22,2650,2238,914,192,4333],"class_list":["post-14267","post","type-post","status-publish","format-standard","has-post-thumbnail","hentry","category-economia","tag-bolsonaro","tag-carlos","tag-demissao","tag-eduardo","tag-educacao","tag-ministro","tag-stf","tag-weintraub"],"_links":{"self":[{"href":"https:\/\/blogs.correiobraziliense.com.br\/vicente\/wp-json\/wp\/v2\/posts\/14267","targetHints":{"allow":["GET"]}}],"collection":[{"href":"https:\/\/blogs.correiobraziliense.com.br\/vicente\/wp-json\/wp\/v2\/posts"}],"about":[{"href":"https:\/\/blogs.correiobraziliense.com.br\/vicente\/wp-json\/wp\/v2\/types\/post"}],"author":[{"embeddable":true,"href":"https:\/\/blogs.correiobraziliense.com.br\/vicente\/wp-json\/wp\/v2\/users\/22"}],"replies":[{"embeddable":true,"href":"https:\/\/blogs.correiobraziliense.com.br\/vicente\/wp-json\/wp\/v2\/comments?post=14267"}],"version-history":[{"count":0,"href":"https:\/\/blogs.correiobraziliense.com.br\/vicente\/wp-json\/wp\/v2\/posts\/14267\/revisions"}],"wp:featuredmedia":[{"embeddable":true,"href":"https:\/\/blogs.correiobraziliense.com.br\/vicente\/wp-json\/wp\/v2\/media\/12208"}],"wp:attachment":[{"href":"https:\/\/blogs.correiobraziliense.com.br\/vicente\/wp-json\/wp\/v2\/media?parent=14267"}],"wp:term":[{"taxonomy":"category","embeddable":true,"href":"https:\/\/blogs.correiobraziliense.com.br\/vicente\/wp-json\/wp\/v2\/categories?post=14267"},{"taxonomy":"post_tag","embeddable":true,"href":"https:\/\/blogs.correiobraziliense.com.br\/vicente\/wp-json\/wp\/v2\/tags?post=14267"}],"curies":[{"name":"wp","href":"https:\/\/api.w.org\/{rel}","templated":true}]}}