{"id":14262,"date":"2020-06-12T17:01:19","date_gmt":"2020-06-12T20:01:19","guid":{"rendered":"https:\/\/blogs.correiobraziliense.com.br\/vicente\/?p=14262"},"modified":"2020-07-05T02:40:12","modified_gmt":"2020-07-05T05:40:12","slug":"fgts-vai-render-quase-o-dobro-da-poupanca-com-queda-dos-juros","status":"publish","type":"post","link":"https:\/\/blogs.correiobraziliense.com.br\/vicente\/fgts-vai-render-quase-o-dobro-da-poupanca-com-queda-dos-juros\/","title":{"rendered":"FGTS vai render quase o dobro da poupan\u00e7a com queda dos juros"},"content":{"rendered":"<h2>Os trabalhadores que est\u00e3o pensando em sacar recursos do Fundo de Garantia do Tempo de Servi\u00e7o (FGTS) devem ficar atentos. Com a queda da taxa b\u00e1sica de juros (Selic) na pr\u00f3xima quarta-feira (17\/06), de 3% para at\u00e9 2,25% ao ano, o rendimento do FGTS, de 3% anuais mais a varia\u00e7\u00e3o da Taxa Referencial (TR), passar\u00e1 a ser quase o dobro da caderneta de poupan\u00e7a.<\/h2>\n<p>&nbsp;<\/p>\n<p>Trata-se de uma situa\u00e7\u00e3o in\u00e9dita no pa\u00eds. A poupan\u00e7a, como se sabe, rende o correspondente a 70% da taxa Selic. Com os juros b\u00e1sicos baixando para 2,25% ao ano, a caderneta pagar\u00e1 1,57% a cada 12 meses.<\/p>\n<p>&nbsp;<\/p>\n<p>A expectativa, por\u00e9m, \u00e9 de que a Selic caia ainda mais em agosto, podendo ir a 2% ou mesmo a 1,75% ao ano, como forma de o Banco Central estimular a economia. Se isso acontecer, o ganho da poupan\u00e7a baixar\u00e1 para at\u00e9 1,22% anuais, tomando uma sova da infla\u00e7\u00e3o.<\/p>\n<p>&nbsp;<\/p>\n<p><strong>Renda fixa<\/strong><\/p>\n<p>&nbsp;<\/p>\n<p>O rendimento de 3% ao ano do FGTS, com a queda da Selic, ser\u00e1 maior do que o de quase todas as aplica\u00e7\u00f5es de renda fixa, como os fundos DI e os fundos de renda fixa, que acompanham a varia\u00e7\u00e3o dos Certificados de Dep\u00f3sito Interfinanceiro (CDIs), semelhante \u00e0 da taxa b\u00e1sica.<\/p>\n<p>&nbsp;<\/p>\n<p>O FGTS tem ainda outra vantagem: todos os anos, o governo distribui parte dos lucros do fundo com seus cotista, o que acaba elevando muito o ganho final dos trabalhadores.<\/p>\n<p>&nbsp;<\/p>\n<p>Em 2017, quando foi depositado o primeiro rateio do lucro do FGTS, o rendimento alcan\u00e7ou 7,14%. Em 2018, atingiu 5,59%. No ano passado, ficou em 6,18%, j\u00e1 superando a remunera\u00e7\u00e3o da poupan\u00e7a, de 4,6%.<\/p>\n<p>&nbsp;<\/p>\n<p>N\u00e3o se sabe ainda se, neste ano at\u00edpico, por causa da pandemia do novo coronav\u00edrus, o governo repartir\u00e1 o lucro do FGTS com os trabalhadores. \u00c9 poss\u00edvel que pelo menos 50% do lucro sejam divididos com os cotistas. A decis\u00e3o deve sair at\u00e9 o fim de julho e os recursos, depositados nas contas dos trabalhadores no fim de agosto.<\/p>\n<p>&nbsp;<\/p>\n<p><strong>Na ponta do l\u00e1pis<\/strong><\/p>\n<p>&nbsp;<\/p>\n<p>\u00c9 importante ficar atento aos rendimentos do FGTS a partir de agora porque, pelo menos at\u00e9 o fim de 2021, os juros ficar\u00e3o muito baixos. Assim, os trabalhadores devem pensar bem se valer\u00e1 a pena sacar a parcela de R$ 1.045 que o governo promete liberar para todos os cotistas do fundo a partir de segunda-feira, 15 de junho.<\/p>\n<p>&nbsp;<\/p>\n<p>Esses saques s\u00f3 ser\u00e3o recomendados para quem realmente est\u00e1 precisando do dinheiro. Os trabalhadores que n\u00e3o t\u00eam necessidade de embolsar a parcela de R$ 1.045 agora devem deixar os recursos no FGTS, aproveitando-se do bom rendimento neste momento.<\/p>\n<p>&nbsp;<\/p>\n<p>Mais: quem estiver pensando em comprar a casa pr\u00f3pria, \u00e9 bom fazer todos os c\u00e1lculos, pois valer\u00e1 mais a pena sacar, primeiro, dinheiro de aplica\u00e7\u00f5es na caderneta e em pap\u00e9is do Tesouro Nacional corrigidos pela taxa Selic, como as Letras Financeiras do Tesouro (LFTs),\u00a0do que mexer no FGTS para dar entrada no im\u00f3vel.<\/p>\n<p>&nbsp;<\/p>\n<p>Os saques do FGTS, no entanto, s\u00e3o vantajosos em qualquer circunst\u00e2ncia para evitar que os trabalhadores assumam d\u00edvidas com a casa pr\u00f3pria. Os juros cobrados nos financiamentos imobili\u00e1rios s\u00e3o, no m\u00ednimo, o dobro do rendimento anual do fundo.<\/p>\n<p>&nbsp;<\/p>\n<p><em>Bras\u00edlia, 17h01min<\/em><\/p>\n","protected":false},"excerpt":{"rendered":"<p>Os trabalhadores que est\u00e3o pensando em sacar recursos do Fundo de Garantia do Tempo de Servi\u00e7o (FGTS) devem ficar atentos. Com a queda da taxa b\u00e1sica de juros (Selic) na pr\u00f3xima quarta-feira (17\/06), de 3% para at\u00e9 2,25% ao ano, o rendimento do FGTS, de 3% anuais mais a varia\u00e7\u00e3o da Taxa Referencial (TR), passar\u00e1 [&hellip;]<\/p>\n","protected":false},"author":22,"featured_media":14173,"comment_status":"open","ping_status":"closed","sticky":false,"template":"","format":"standard","meta":{"footnotes":""},"categories":[600],"tags":[992,4662,4663,2558,507,4,436,3071,1409],"class_list":["post-14262","post","type-post","status-publish","format-standard","has-post-thumbnail","hentry","category-economia","tag-992","tag-25-ao-ano","tag-3-anuais","tag-caderneta","tag-fgts","tag-juros","tag-poupanca","tag-rendimento","tag-taxa-selic"],"_links":{"self":[{"href":"https:\/\/blogs.correiobraziliense.com.br\/vicente\/wp-json\/wp\/v2\/posts\/14262","targetHints":{"allow":["GET"]}}],"collection":[{"href":"https:\/\/blogs.correiobraziliense.com.br\/vicente\/wp-json\/wp\/v2\/posts"}],"about":[{"href":"https:\/\/blogs.correiobraziliense.com.br\/vicente\/wp-json\/wp\/v2\/types\/post"}],"author":[{"embeddable":true,"href":"https:\/\/blogs.correiobraziliense.com.br\/vicente\/wp-json\/wp\/v2\/users\/22"}],"replies":[{"embeddable":true,"href":"https:\/\/blogs.correiobraziliense.com.br\/vicente\/wp-json\/wp\/v2\/comments?post=14262"}],"version-history":[{"count":12,"href":"https:\/\/blogs.correiobraziliense.com.br\/vicente\/wp-json\/wp\/v2\/posts\/14262\/revisions"}],"predecessor-version":[{"id":14637,"href":"https:\/\/blogs.correiobraziliense.com.br\/vicente\/wp-json\/wp\/v2\/posts\/14262\/revisions\/14637"}],"wp:featuredmedia":[{"embeddable":true,"href":"https:\/\/blogs.correiobraziliense.com.br\/vicente\/wp-json\/wp\/v2\/media\/14173"}],"wp:attachment":[{"href":"https:\/\/blogs.correiobraziliense.com.br\/vicente\/wp-json\/wp\/v2\/media?parent=14262"}],"wp:term":[{"taxonomy":"category","embeddable":true,"href":"https:\/\/blogs.correiobraziliense.com.br\/vicente\/wp-json\/wp\/v2\/categories?post=14262"},{"taxonomy":"post_tag","embeddable":true,"href":"https:\/\/blogs.correiobraziliense.com.br\/vicente\/wp-json\/wp\/v2\/tags?post=14262"}],"curies":[{"name":"wp","href":"https:\/\/api.w.org\/{rel}","templated":true}]}}