{"id":14258,"date":"2020-06-12T15:55:44","date_gmt":"2020-06-12T18:55:44","guid":{"rendered":"https:\/\/blogs.correiobraziliense.com.br\/vicente\/?p=14258"},"modified":"2020-06-12T15:55:44","modified_gmt":"2020-06-12T18:55:44","slug":"carlos-bolsonaro-e-questionado-em-supermercado-cade-o-queiroz-quem-matou-marielle-veja-video","status":"publish","type":"post","link":"https:\/\/blogs.correiobraziliense.com.br\/vicente\/carlos-bolsonaro-e-questionado-em-supermercado-cade-o-queiroz-quem-matou-marielle-veja-video\/","title":{"rendered":"Carlos Bolsonaro \u00e9 questionado em supermercado: &#8220;Cad\u00ea o Queiroz? Quem matou Marielle?&#8221;. Veja v\u00eddeo"},"content":{"rendered":"<p>https:\/\/youtube.com\/watch?v=Gb4uApeSl2c<\/p>\n<p>&nbsp;<\/p>\n<h2>O filho 02 do presidente Jair Bolsonaro, o vereador Carlos Bolsonato (Republicanos), passou por uma saia-justa em um supermercado, ao ser questionado por um homem que estava em um dos caixas. Ele perguntou ao filho do presidente &#8220;Cad\u00ea o Queiroz&#8221; e &#8220;quem mandou matar Marielle Franco&#8221;.<\/h2>\n<p>&nbsp;<\/p>\n<p>O v\u00eddeo com os questionamentos est\u00e1 circulando por v\u00e1rias redes sociais e foi encaminhado ao <strong>Blog<\/strong>. Nele, \u00e9 poss\u00edvel ver Carlos Bolsonaro um tanto constrangido diante da forma enf\u00e1tica com que \u00e9 indagado pelo homem. Ele ainda acusa o vereador de chefiar o gabinete do \u00f3dio, que estaria instalado com Pal\u00e1cio do Planalto, com o intuito de espalhar not\u00edcias falsas para atacar autoridades de outros Poderes.<\/p>\n<p>&nbsp;<\/p>\n<p>\u201cO senhor comanda um gabinete de \u00f3dio junto com o seu pai\u201d, diz o homem, num tom de voz bastante elevado. V\u00e1rias pessoas que estavam na fila do caixa do supermercado esperavam uma rea\u00e7\u00e3o do vereador, que esbo\u00e7ou ir para cima do homem, mas se conteve.<\/p>\n<p>&nbsp;<\/p>\n<p>O Queiroz questionado pelo homem que confrontou Carlos Bolsonaro \u00e9 Fabr\u00edcio Queiroz, que foi assessor do agora senador Fl\u00e1vio Bolsonaro quando ele era deputado na Assembleia Legislativa do Rio de Janeiro. Queiroz \u00e9 acusado de comandar um esquema de rachadinha, em que os empregados do gabinete de Fl\u00e1vio tinham que dar uma parte dos sal\u00e1rios para o ent\u00e3o deputado.<\/p>\n<p>&nbsp;<\/p>\n<p>A vereadora Marielle Franco foi assassinada h\u00e1 mais de dois anos em uma emboscada na qual tamb\u00e9m morreu o motorista dela, Anderson Gomes. At\u00e9 hoje n\u00e3o se sabe quem foi o mandante do crime.<\/p>\n<p>&nbsp;<\/p>\n<p><em>Bras\u00edlia, 15h55mim<\/em><\/p>\n","protected":false},"excerpt":{"rendered":"<p>&nbsp; O filho 02 do presidente Jair Bolsonaro, o vereador Carlos Bolsonato (Republicanos), passou por uma saia-justa em um supermercado, ao ser questionado por um homem que estava em um dos caixas. Ele perguntou ao filho do presidente &#8220;Cad\u00ea o Queiroz&#8221; e &#8220;quem mandou matar Marielle Franco&#8221;. &nbsp; O v\u00eddeo com os questionamentos est\u00e1 circulando [&hellip;]<\/p>\n","protected":false},"author":22,"featured_media":14261,"comment_status":"open","ping_status":"closed","sticky":false,"template":"","format":"standard","meta":{"footnotes":""},"categories":[600],"tags":[],"class_list":["post-14258","post","type-post","status-publish","format-standard","has-post-thumbnail","hentry","category-economia"],"_links":{"self":[{"href":"https:\/\/blogs.correiobraziliense.com.br\/vicente\/wp-json\/wp\/v2\/posts\/14258","targetHints":{"allow":["GET"]}}],"collection":[{"href":"https:\/\/blogs.correiobraziliense.com.br\/vicente\/wp-json\/wp\/v2\/posts"}],"about":[{"href":"https:\/\/blogs.correiobraziliense.com.br\/vicente\/wp-json\/wp\/v2\/types\/post"}],"author":[{"embeddable":true,"href":"https:\/\/blogs.correiobraziliense.com.br\/vicente\/wp-json\/wp\/v2\/users\/22"}],"replies":[{"embeddable":true,"href":"https:\/\/blogs.correiobraziliense.com.br\/vicente\/wp-json\/wp\/v2\/comments?post=14258"}],"version-history":[{"count":0,"href":"https:\/\/blogs.correiobraziliense.com.br\/vicente\/wp-json\/wp\/v2\/posts\/14258\/revisions"}],"wp:featuredmedia":[{"embeddable":true,"href":"https:\/\/blogs.correiobraziliense.com.br\/vicente\/wp-json\/wp\/v2\/media\/14261"}],"wp:attachment":[{"href":"https:\/\/blogs.correiobraziliense.com.br\/vicente\/wp-json\/wp\/v2\/media?parent=14258"}],"wp:term":[{"taxonomy":"category","embeddable":true,"href":"https:\/\/blogs.correiobraziliense.com.br\/vicente\/wp-json\/wp\/v2\/categories?post=14258"},{"taxonomy":"post_tag","embeddable":true,"href":"https:\/\/blogs.correiobraziliense.com.br\/vicente\/wp-json\/wp\/v2\/tags?post=14258"}],"curies":[{"name":"wp","href":"https:\/\/api.w.org\/{rel}","templated":true}]}}