{"id":14251,"date":"2020-06-10T15:08:05","date_gmt":"2020-06-10T18:08:05","guid":{"rendered":"https:\/\/blogs.correiobraziliense.com.br\/vicente\/?p=14251"},"modified":"2020-06-10T15:08:05","modified_gmt":"2020-06-10T18:08:05","slug":"funcionarios-do-bb-acusam-presidente-do-banco-de-manipular-precos-de-acoes","status":"publish","type":"post","link":"https:\/\/blogs.correiobraziliense.com.br\/vicente\/funcionarios-do-bb-acusam-presidente-do-banco-de-manipular-precos-de-acoes\/","title":{"rendered":"Funcion\u00e1rios do BB acusam presidente do banco de manipular pre\u00e7os de a\u00e7\u00f5es"},"content":{"rendered":"<h2>A Associa\u00e7\u00e3o Nacional dos Funcion\u00e1rios do Banco do Brasil (Anabb) encaminhou of\u00edcio \u00e0 Comiss\u00e3o de Valores Mobili\u00e1rios (CVM) acusando o presidente do BB, Rubem Novaes, de manipular os pre\u00e7os das a\u00e7\u00f5es da institui\u00e7\u00e3o ao dar declara\u00e7\u00f5es p\u00fablicas que favorecem os especuladores que atuam na Bolsa de Valores.<\/h2>\n<p>&nbsp;<\/p>\n<p>Constantemente, Novaes fala sobre a poss\u00edvel privatiza\u00e7\u00e3o do Banco do Brasil. A Anabb pede que os fatos sejam investigados.<\/p>\n<p>&nbsp;<\/p>\n<p>No documento, ao qual o <strong>Blog<\/strong> teve acesso, o presidente da Anabb,\u00a0Reinaldo Fujimoto, diz que, em apenas um dia, os pre\u00e7os das a\u00e7\u00f5es do Banco do Brasil tiveram oscila\u00e7\u00e3o de 10%. Para ele, as declara\u00e7\u00f5es de gestores do banco e de autoridades p\u00fablicas, como o ministro da Economia, Paulo Guedes,\u00a0n\u00e3o condizem com uma pol\u00edtica clara de informa\u00e7\u00f5es de uma empresa com a\u00e7\u00f5es negociadas no mercado de capitais.<\/p>\n<p>&nbsp;<\/p>\n<p>&#8220;Disseminar informa\u00e7\u00f5es incompletas, possivelmente inver\u00eddicas, causa preju\u00edzos aos pap\u00e9is da empresa e configura pr\u00e1ticas nocivas aos interesses dos investidores. Pode, ainda, configurar movimentos especulativos impulsionados pelas declara\u00e7\u00f5es p\u00fablicas de inten\u00e7\u00e3o de venda do BB&#8221;, frisa Fujimoto.<\/p>\n<p>&nbsp;<\/p>\n<p>O presidente da associa\u00e7\u00e3o ressalta ainda que, &#8220;por se tratar de uma empresa com pap\u00e9is junto aos investidores, inclusive minorit\u00e1rios, sendo a Anabb um desses investidores minorit\u00e1rios, solicita uma investiga\u00e7\u00e3o a respeito do padr\u00e3o de oscila\u00e7\u00e3o das a\u00e7\u00f5es do Banco do Brasil&#8221;.<\/p>\n<p>&nbsp;<\/p>\n<p>Veja a \u00edntegra do of\u00edcio da Anabb encaminhado \u00e0 Comiss\u00e3o de Valores Mobili\u00e1rios:<\/p>\n<p>&nbsp;<\/p>\n<p><em>&#8220;A Associa\u00e7\u00e3o Nacional dos Funcion\u00e1rios do Banco do Brasil (ANABB), acionista do Banco do Brasil, vem reportar, a essa Entidade Reguladora, fatos merecedores de um exame t\u00e9cnico e<\/em><br \/>\n<em>aprofundado a respeito do comportamento das a\u00e7\u00f5es do Banco do Brasil.<\/em><\/p>\n<p><em>O presidente do Banco do Brasil, reiteradas vezes, desde que assumiu o cargo, em 2019, expressa, publicamente, planos e inten\u00e7\u00f5es de venda dos ativos da empresa. Esta informa\u00e7\u00e3o \u2013 que afeta diretamente os papeis de uma companhia aberta \u2013 est\u00e1 registrada na divulga\u00e7\u00e3o de resultados da empresa (20\/02\/2019), em entrevistas para imprensa (30\/10\/2019; 30\/01\/2020; 19\/02\/2020; 01\/06\/2020) e, at\u00e9 mesmo, em audi\u00eancias p\u00fablicas (08\/06\/2020).<\/em><\/p>\n<p><em>Recentemente, as a\u00e7\u00f5es do BB dispararam 10% (25 de maio de 2020) com os \u201cpalavr\u00f5es\u201d do Ministro da Economia Paulo Guedes enfatizando a ideia de que o BB seja vendido. Vale observar que o Banco do Brasil est\u00e1 vinculado ao Minist\u00e9rio da Economia. Sobre a venda do BB, at\u00e9 datas e prazos s\u00e3o ventilados. Se n\u00e3o for em 2022, ser\u00e1 em 2023, especula-se. Por outro lado, o Presidente da Rep\u00fablica afirmou, em diversas ocasi\u00f5es, que este assunto n\u00e3o faz parte da agenda do Governo Federal \u2013 entenda-se, aqui, o acionista majorit\u00e1rio.<\/em><\/p>\n<p><em>Sabemos e louvamos as iniciativas da CVM a respeito de declara\u00e7\u00f5es e afirma\u00e7\u00f5es p\u00fablicas de gestores que n\u00e3o condizem com uma pol\u00edtica clara de informa\u00e7\u00f5es. Disseminar informa\u00e7\u00f5es incompletas, possivelmente inver\u00eddicas, causa preju\u00edzos aos pap\u00e9is da empresa e configura pr\u00e1ticas nocivas aos interesses dos investidores. Pode, ainda, configurar movimentos especulativos impulsionados pelas declara\u00e7\u00f5es p\u00fablicas de inten\u00e7\u00e3o de venda do BB.<\/em><\/p>\n<p><em>Por se tratar de uma empresa com papeis junto aos investidores, inclusive minorit\u00e1rios, sendo a ANABB um desses investidores minorit\u00e1rios, solicitamos uma investiga\u00e7\u00e3o a respeito do<\/em><br \/>\n<em>padr\u00e3o de oscila\u00e7\u00e3o das a\u00e7\u00f5es do Banco do Brasil. <\/em><\/p>\n<p><em>Ao nos colocar \u00e0 disposi\u00e7\u00e3o para eventuais esclarecimentos, expressamos nossa desconfian\u00e7a de que o ativismo verbal envolvendo o Banco do Brasil possa ensejar a\u00e7\u00f5es de compra e venda, em desacordo com as regras de informa\u00e7\u00e3o transparente e completa para todos os investidores.&#8221;<\/em><\/p>\n<p>&nbsp;<\/p>\n<p><em>Bras\u00edlia, 15h08min<\/em><\/p>\n","protected":false},"excerpt":{"rendered":"<p>A Associa\u00e7\u00e3o Nacional dos Funcion\u00e1rios do Banco do Brasil (Anabb) encaminhou of\u00edcio \u00e0 Comiss\u00e3o de Valores Mobili\u00e1rios (CVM) acusando o presidente do BB, Rubem Novaes, de manipular os pre\u00e7os das a\u00e7\u00f5es da institui\u00e7\u00e3o ao dar declara\u00e7\u00f5es p\u00fablicas que favorecem os especuladores que atuam na Bolsa de Valores. &nbsp; Constantemente, Novaes fala sobre a poss\u00edvel privatiza\u00e7\u00e3o [&hellip;]<\/p>\n","protected":false},"author":22,"featured_media":11457,"comment_status":"open","ping_status":"closed","sticky":false,"template":"","format":"standard","meta":{"footnotes":""},"categories":[600],"tags":[],"class_list":["post-14251","post","type-post","status-publish","format-standard","has-post-thumbnail","hentry","category-economia"],"_links":{"self":[{"href":"https:\/\/blogs.correiobraziliense.com.br\/vicente\/wp-json\/wp\/v2\/posts\/14251","targetHints":{"allow":["GET"]}}],"collection":[{"href":"https:\/\/blogs.correiobraziliense.com.br\/vicente\/wp-json\/wp\/v2\/posts"}],"about":[{"href":"https:\/\/blogs.correiobraziliense.com.br\/vicente\/wp-json\/wp\/v2\/types\/post"}],"author":[{"embeddable":true,"href":"https:\/\/blogs.correiobraziliense.com.br\/vicente\/wp-json\/wp\/v2\/users\/22"}],"replies":[{"embeddable":true,"href":"https:\/\/blogs.correiobraziliense.com.br\/vicente\/wp-json\/wp\/v2\/comments?post=14251"}],"version-history":[{"count":0,"href":"https:\/\/blogs.correiobraziliense.com.br\/vicente\/wp-json\/wp\/v2\/posts\/14251\/revisions"}],"wp:featuredmedia":[{"embeddable":true,"href":"https:\/\/blogs.correiobraziliense.com.br\/vicente\/wp-json\/wp\/v2\/media\/11457"}],"wp:attachment":[{"href":"https:\/\/blogs.correiobraziliense.com.br\/vicente\/wp-json\/wp\/v2\/media?parent=14251"}],"wp:term":[{"taxonomy":"category","embeddable":true,"href":"https:\/\/blogs.correiobraziliense.com.br\/vicente\/wp-json\/wp\/v2\/categories?post=14251"},{"taxonomy":"post_tag","embeddable":true,"href":"https:\/\/blogs.correiobraziliense.com.br\/vicente\/wp-json\/wp\/v2\/tags?post=14251"}],"curies":[{"name":"wp","href":"https:\/\/api.w.org\/{rel}","templated":true}]}}