{"id":14242,"date":"2020-06-10T17:01:57","date_gmt":"2020-06-10T20:01:57","guid":{"rendered":"https:\/\/blogs.correiobraziliense.com.br\/vicente\/?p=14242"},"modified":"2020-06-10T17:01:57","modified_gmt":"2020-06-10T20:01:57","slug":"marina-araujo-foi-corajosa-e-renata-vasconcellos-desprendida-e-solidaria-diz-globo","status":"publish","type":"post","link":"https:\/\/blogs.correiobraziliense.com.br\/vicente\/marina-araujo-foi-corajosa-e-renata-vasconcellos-desprendida-e-solidaria-diz-globo\/","title":{"rendered":"Marina Ara\u00fajo foi corajosa e Renata Vasconcellos, desprendida e solid\u00e1ria, diz Globo"},"content":{"rendered":"<h2>Colegas que acompanharam todas as cenas de terror hoje na Globo ficaram impressionados com o comportamento sereno da rep\u00f3rter Marina Ara\u00fajo, feita de ref\u00e9m por um homem que invadiu a sede da emissora no Rio. &#8220;Todos ficaram apavorados, mas ela se manteve serena&#8221;, diz um funcion\u00e1rio da Globo.<\/h2>\n<p>&nbsp;<\/p>\n<p>O mesmo foi dito em rela\u00e7\u00e3o \u00e0 Renata Vasconcellos, apresentadora do Jornal Nacional, que completa 48 anos nesta quarta-feira (10\/06). Ao ser comunicada de que Marina estavam sendo feita de ref\u00e9m por um homem que exigia a sua presen\u00e7a, Renata imediatamente se prontificou a falar com o invasor.<\/p>\n<p>&nbsp;<\/p>\n<p>Em nota, a Globo ressaltou a coragem de Marina e de Renata. &#8220;Marina se comportou com coragem, serenidade e firmeza, sendo fundamental para o desfecho da situa\u00e7\u00e3o. Renata foi corajosa, desprendida, solid\u00e1ria e absolutamente imprescind\u00edvel para que tudo acabasse bem. As duas profissionais est\u00e3o bem&#8221;, diz a emissora.<\/p>\n<p>&nbsp;<\/p>\n<p>A Globo tamb\u00e9m agradeceu a ajuda da Pol\u00edcia Militar, que conseguiu acalmar os \u00e2nimos e prender o homem que fez Marina Ara\u00fajo de ref\u00e9m. &#8220;A TV Globo agradece \u00e0 PM, ao coronel Heitor e a todos os policiais, cuja condu\u00e7\u00e3o foi exemplar&#8221;, frisa.<\/p>\n<p>&nbsp;<\/p>\n<p>O comandante do 23\u00b0 batalh\u00e3o da corpora\u00e7\u00e3o, coronel Heitor Henrique Pereira, compareceu rapidamente \u00e0 emissora e conduziu a negocia\u00e7\u00e3o ap\u00f3s ser comunicado do fato pela seguran\u00e7a da Globo.<\/p>\n<p>&nbsp;<\/p>\n<p>Segundo a Globo, &#8220;Marina e todos os funcion\u00e1rios que estavam no local n\u00e3o se feriram e passam bem&#8221;. A emissora afirma ainda que &#8220;repudia com veem\u00eancia todo tipo de viol\u00eancia&#8221;.<\/p>\n<p>&nbsp;<\/p>\n<p><em>Bras\u00edlia, 17h01min<\/em><\/p>\n","protected":false},"excerpt":{"rendered":"<p>Colegas que acompanharam todas as cenas de terror hoje na Globo ficaram impressionados com o comportamento sereno da rep\u00f3rter Marina Ara\u00fajo, feita de ref\u00e9m por um homem que invadiu a sede da emissora no Rio. &#8220;Todos ficaram apavorados, mas ela se manteve serena&#8221;, diz um funcion\u00e1rio da Globo. &nbsp; O mesmo foi dito em rela\u00e7\u00e3o [&hellip;]<\/p>\n","protected":false},"author":22,"featured_media":14245,"comment_status":"open","ping_status":"closed","sticky":false,"template":"","format":"standard","meta":{"footnotes":""},"categories":[600],"tags":[],"class_list":["post-14242","post","type-post","status-publish","format-standard","has-post-thumbnail","hentry","category-economia"],"_links":{"self":[{"href":"https:\/\/blogs.correiobraziliense.com.br\/vicente\/wp-json\/wp\/v2\/posts\/14242","targetHints":{"allow":["GET"]}}],"collection":[{"href":"https:\/\/blogs.correiobraziliense.com.br\/vicente\/wp-json\/wp\/v2\/posts"}],"about":[{"href":"https:\/\/blogs.correiobraziliense.com.br\/vicente\/wp-json\/wp\/v2\/types\/post"}],"author":[{"embeddable":true,"href":"https:\/\/blogs.correiobraziliense.com.br\/vicente\/wp-json\/wp\/v2\/users\/22"}],"replies":[{"embeddable":true,"href":"https:\/\/blogs.correiobraziliense.com.br\/vicente\/wp-json\/wp\/v2\/comments?post=14242"}],"version-history":[{"count":0,"href":"https:\/\/blogs.correiobraziliense.com.br\/vicente\/wp-json\/wp\/v2\/posts\/14242\/revisions"}],"wp:featuredmedia":[{"embeddable":true,"href":"https:\/\/blogs.correiobraziliense.com.br\/vicente\/wp-json\/wp\/v2\/media\/14245"}],"wp:attachment":[{"href":"https:\/\/blogs.correiobraziliense.com.br\/vicente\/wp-json\/wp\/v2\/media?parent=14242"}],"wp:term":[{"taxonomy":"category","embeddable":true,"href":"https:\/\/blogs.correiobraziliense.com.br\/vicente\/wp-json\/wp\/v2\/categories?post=14242"},{"taxonomy":"post_tag","embeddable":true,"href":"https:\/\/blogs.correiobraziliense.com.br\/vicente\/wp-json\/wp\/v2\/tags?post=14242"}],"curies":[{"name":"wp","href":"https:\/\/api.w.org\/{rel}","templated":true}]}}