{"id":14239,"date":"2020-06-10T16:40:49","date_gmt":"2020-06-10T19:40:49","guid":{"rendered":"https:\/\/blogs.correiobraziliense.com.br\/vicente\/?p=14239"},"modified":"2020-06-10T16:40:49","modified_gmt":"2020-06-10T19:40:49","slug":"renata-vasconcellos-interveio-e-homem-liberou-reporter-que-ele-fazia-de-refem","status":"publish","type":"post","link":"https:\/\/blogs.correiobraziliense.com.br\/vicente\/renata-vasconcellos-interveio-e-homem-liberou-reporter-que-ele-fazia-de-refem\/","title":{"rendered":"Renata Vasconcellos interveio e homem liberou rep\u00f3rter que ele fazia de ref\u00e9m"},"content":{"rendered":"<h2>A apresentadora Renata Vasconcellos, do Jornal Nacional, que completa 48 anos nesta quarta-feira (10\/06), teve papel preponderante para a liberta\u00e7\u00e3o da rep\u00f3rter Marina Ara\u00fajo, que foi feita de ref\u00e9m por um home que invadiu a sede da Tev\u00ea Globo, no Rio.<\/h2>\n<p>&nbsp;<\/p>\n<p>Ao ser comunicada do fato e de que o invasor queria v\u00ea-la, Renata foi at\u00e9 o local onde Marina estava e conversou com o homem. Ele exigia ver a apresentadora do Jornal Nacional.<\/p>\n<p>&nbsp;<\/p>\n<p>Depois de falar com Renata, o homem libertou Marina e jogou a faca no ch\u00e3o, sendo contido pela pol\u00edcia, que vinha negociando a liberta\u00e7\u00e3o da rep\u00f3rter feitade\u00a0 ref\u00e9m.<\/p>\n<p>&nbsp;<\/p>\n<p>Em nota, a Globo disse que &#8220;Renata foi corajosa, desprendida, solid\u00e1ria e absolutamente imprescind\u00edvel para que tudo acabasse bem&#8221;.<\/p>\n<p>&nbsp;<\/p>\n<p>A serenidade de Marina tamb\u00e9m contribuiu para que tudo acabasse bem. &#8220;Marina se comportou com coragem, serenidade e firmeza, sendo fundamental para o desfecho da situa\u00e7\u00e3o&#8221;, diz a Globo.<\/p>\n<p>&nbsp;<\/p>\n<p>Segundo a emissora, o invasor, que foi preso, tem dist\u00farbios mentais. A Globo diz acreditar que o fato n\u00e3o tem conota\u00e7\u00e3o pol\u00edtica.<\/p>\n<p>&nbsp;<\/p>\n<p><em>Bras\u00edlia, 16h40min<\/em><\/p>\n","protected":false},"excerpt":{"rendered":"<p>A apresentadora Renata Vasconcellos, do Jornal Nacional, que completa 48 anos nesta quarta-feira (10\/06), teve papel preponderante para a liberta\u00e7\u00e3o da rep\u00f3rter Marina Ara\u00fajo, que foi feita de ref\u00e9m por um home que invadiu a sede da Tev\u00ea Globo, no Rio. &nbsp; Ao ser comunicada do fato e de que o invasor queria v\u00ea-la, Renata [&hellip;]<\/p>\n","protected":false},"author":22,"featured_media":14244,"comment_status":"open","ping_status":"closed","sticky":false,"template":"","format":"standard","meta":{"footnotes":""},"categories":[600],"tags":[],"class_list":["post-14239","post","type-post","status-publish","format-standard","has-post-thumbnail","hentry","category-economia"],"_links":{"self":[{"href":"https:\/\/blogs.correiobraziliense.com.br\/vicente\/wp-json\/wp\/v2\/posts\/14239","targetHints":{"allow":["GET"]}}],"collection":[{"href":"https:\/\/blogs.correiobraziliense.com.br\/vicente\/wp-json\/wp\/v2\/posts"}],"about":[{"href":"https:\/\/blogs.correiobraziliense.com.br\/vicente\/wp-json\/wp\/v2\/types\/post"}],"author":[{"embeddable":true,"href":"https:\/\/blogs.correiobraziliense.com.br\/vicente\/wp-json\/wp\/v2\/users\/22"}],"replies":[{"embeddable":true,"href":"https:\/\/blogs.correiobraziliense.com.br\/vicente\/wp-json\/wp\/v2\/comments?post=14239"}],"version-history":[{"count":0,"href":"https:\/\/blogs.correiobraziliense.com.br\/vicente\/wp-json\/wp\/v2\/posts\/14239\/revisions"}],"wp:featuredmedia":[{"embeddable":true,"href":"https:\/\/blogs.correiobraziliense.com.br\/vicente\/wp-json\/wp\/v2\/media\/14244"}],"wp:attachment":[{"href":"https:\/\/blogs.correiobraziliense.com.br\/vicente\/wp-json\/wp\/v2\/media?parent=14239"}],"wp:term":[{"taxonomy":"category","embeddable":true,"href":"https:\/\/blogs.correiobraziliense.com.br\/vicente\/wp-json\/wp\/v2\/categories?post=14239"},{"taxonomy":"post_tag","embeddable":true,"href":"https:\/\/blogs.correiobraziliense.com.br\/vicente\/wp-json\/wp\/v2\/tags?post=14239"}],"curies":[{"name":"wp","href":"https:\/\/api.w.org\/{rel}","templated":true}]}}