{"id":14237,"date":"2020-06-10T16:31:15","date_gmt":"2020-06-10T19:31:15","guid":{"rendered":"https:\/\/blogs.correiobraziliense.com.br\/vicente\/?p=14237"},"modified":"2020-06-10T16:31:15","modified_gmt":"2020-06-10T19:31:15","slug":"globo-diz-que-homem-que-fez-reporter-refem-tem-disturbios-mentais","status":"publish","type":"post","link":"https:\/\/blogs.correiobraziliense.com.br\/vicente\/globo-diz-que-homem-que-fez-reporter-refem-tem-disturbios-mentais\/","title":{"rendered":"Globo diz que homem que fez rep\u00f3rter ref\u00e9m tem dist\u00farbios mentais"},"content":{"rendered":"<p>Veja a \u00edntegra da nota da Globo sobre a invas\u00e3o de um homem a sua sede no Rio, que fez a rep\u00f3rter Marina Ara\u00fajo ref\u00e9m.<\/p>\n<p>&nbsp;<\/p>\n<p><em>&#8220;Na tarde desta quarta-feira, um homem invadiu a sede da TV Globo, no Jardim Bot\u00e2nico, portando uma faca. Ele fez a rep\u00f3rter Marina Ara\u00fajo ref\u00e9m. A seguran\u00e7a da Globo rapidamente agiu, isolou o local e chamou a PM. O comandante do 23\u00b0 batalh\u00e3o da corpora\u00e7\u00e3o, coronel Heitor Henrique Pereira, compareceu rapidamente \u00e0 emissora e conduziu a negocia\u00e7\u00e3o. O homem, que amea\u00e7ava a jornalista, liberou a rep\u00f3rter ap\u00f3s alguns minutos. Marina e todos os funcion\u00e1rios que estavam no local n\u00e3o se feriram e passam bem. A Globo repudia com veem\u00eancia todo tipo de viol\u00eancia. Foi obra de algu\u00e9m com dist\u00farbios mentais, sem nenhuma conota\u00e7\u00e3o pol\u00edtica. Um homem que exigia ver a jornalista Renata Vasconcellos. Seguindo instru\u00e7\u00f5es do comandante Heitor, Renata compareceu ao local onde estava Marina e o invasor. T\u00e3o logo ele a viu, largou a faca e libertou Marina. Foi preso imediatamente. A TV Globo agradece \u00e0 PM, ao coronel Heitor e a todos os policiais, cuja condu\u00e7\u00e3o foi exemplar. Marina se comportou com coragem, serenidade e firmeza, sendo fundamental para o desfecho da situa\u00e7\u00e3o. Renata foi corajosa, desprendida, solid\u00e1ria e absolutamente imprescind\u00edvel para que tudo acabasse bem. As duas profissionais est\u00e3o bem. E foram recebidas pelos colegas com carinho e emo\u00e7\u00e3o.&#8221;<\/em><\/p>\n","protected":false},"excerpt":{"rendered":"<p>Veja a \u00edntegra da nota da Globo sobre a invas\u00e3o de um homem a sua sede no Rio, que fez a rep\u00f3rter Marina Ara\u00fajo ref\u00e9m. &nbsp; &#8220;Na tarde desta quarta-feira, um homem invadiu a sede da TV Globo, no Jardim Bot\u00e2nico, portando uma faca. Ele fez a rep\u00f3rter Marina Ara\u00fajo ref\u00e9m. A seguran\u00e7a da Globo [&hellip;]<\/p>\n","protected":false},"author":22,"featured_media":14241,"comment_status":"open","ping_status":"closed","sticky":false,"template":"","format":"standard","meta":{"footnotes":""},"categories":[600],"tags":[],"class_list":["post-14237","post","type-post","status-publish","format-standard","has-post-thumbnail","hentry","category-economia"],"_links":{"self":[{"href":"https:\/\/blogs.correiobraziliense.com.br\/vicente\/wp-json\/wp\/v2\/posts\/14237","targetHints":{"allow":["GET"]}}],"collection":[{"href":"https:\/\/blogs.correiobraziliense.com.br\/vicente\/wp-json\/wp\/v2\/posts"}],"about":[{"href":"https:\/\/blogs.correiobraziliense.com.br\/vicente\/wp-json\/wp\/v2\/types\/post"}],"author":[{"embeddable":true,"href":"https:\/\/blogs.correiobraziliense.com.br\/vicente\/wp-json\/wp\/v2\/users\/22"}],"replies":[{"embeddable":true,"href":"https:\/\/blogs.correiobraziliense.com.br\/vicente\/wp-json\/wp\/v2\/comments?post=14237"}],"version-history":[{"count":0,"href":"https:\/\/blogs.correiobraziliense.com.br\/vicente\/wp-json\/wp\/v2\/posts\/14237\/revisions"}],"wp:featuredmedia":[{"embeddable":true,"href":"https:\/\/blogs.correiobraziliense.com.br\/vicente\/wp-json\/wp\/v2\/media\/14241"}],"wp:attachment":[{"href":"https:\/\/blogs.correiobraziliense.com.br\/vicente\/wp-json\/wp\/v2\/media?parent=14237"}],"wp:term":[{"taxonomy":"category","embeddable":true,"href":"https:\/\/blogs.correiobraziliense.com.br\/vicente\/wp-json\/wp\/v2\/categories?post=14237"},{"taxonomy":"post_tag","embeddable":true,"href":"https:\/\/blogs.correiobraziliense.com.br\/vicente\/wp-json\/wp\/v2\/tags?post=14237"}],"curies":[{"name":"wp","href":"https:\/\/api.w.org\/{rel}","templated":true}]}}