{"id":14235,"date":"2020-06-10T16:01:10","date_gmt":"2020-06-10T19:01:10","guid":{"rendered":"https:\/\/blogs.correiobraziliense.com.br\/vicente\/?p=14235"},"modified":"2020-06-10T16:01:10","modified_gmt":"2020-06-10T19:01:10","slug":"reporter-da-globo-que-foi-feita-refem-presta-depoimento-na-delegacia","status":"publish","type":"post","link":"https:\/\/blogs.correiobraziliense.com.br\/vicente\/reporter-da-globo-que-foi-feita-refem-presta-depoimento-na-delegacia\/","title":{"rendered":"Rep\u00f3rter da Globo que foi feita ref\u00e9m presta depoimento na delegacia"},"content":{"rendered":"<p>A rep\u00f3rter Marina Ara\u00fajo, que foi feita ref\u00e9m por um homem que invadiu a sede da Globo no Rio, est\u00e1 depondo neste momento em uma delegacia.<\/p>\n<p>&nbsp;<\/p>\n<p>Ela relata que os momentos em que esteve sob a mira de uma faca foram de terror.<\/p>\n<p>&nbsp;<\/p>\n<p>Os colegas que presenciaram o fato afirmam que Marina se manteve firme durante todo o tempo e tentou passar tranquilidade.<\/p>\n<p>&nbsp;<\/p>\n<p>O homem que invadiu a Globo queria falar com a apresentadora do Jornal Nacional Renata Vasconcellos.<\/p>\n<p>&nbsp;<\/p>\n<p>Depois de uma dif\u00edcil negocia\u00e7\u00e3o como a pol\u00edcia, o homem liberou Marina e se entregou.<\/p>\n<p>&nbsp;<\/p>\n<p><em>Bras\u00edlia, 16h01min<\/em><\/p>\n","protected":false},"excerpt":{"rendered":"<p>A rep\u00f3rter Marina Ara\u00fajo, que foi feita ref\u00e9m por um homem que invadiu a sede da Globo no Rio, est\u00e1 depondo neste momento em uma delegacia. &nbsp; Ela relata que os momentos em que esteve sob a mira de uma faca foram de terror. &nbsp; Os colegas que presenciaram o fato afirmam que Marina se [&hellip;]<\/p>\n","protected":false},"author":22,"featured_media":14246,"comment_status":"open","ping_status":"closed","sticky":false,"template":"","format":"standard","meta":{"footnotes":""},"categories":[600],"tags":[],"class_list":["post-14235","post","type-post","status-publish","format-standard","has-post-thumbnail","hentry","category-economia"],"_links":{"self":[{"href":"https:\/\/blogs.correiobraziliense.com.br\/vicente\/wp-json\/wp\/v2\/posts\/14235","targetHints":{"allow":["GET"]}}],"collection":[{"href":"https:\/\/blogs.correiobraziliense.com.br\/vicente\/wp-json\/wp\/v2\/posts"}],"about":[{"href":"https:\/\/blogs.correiobraziliense.com.br\/vicente\/wp-json\/wp\/v2\/types\/post"}],"author":[{"embeddable":true,"href":"https:\/\/blogs.correiobraziliense.com.br\/vicente\/wp-json\/wp\/v2\/users\/22"}],"replies":[{"embeddable":true,"href":"https:\/\/blogs.correiobraziliense.com.br\/vicente\/wp-json\/wp\/v2\/comments?post=14235"}],"version-history":[{"count":0,"href":"https:\/\/blogs.correiobraziliense.com.br\/vicente\/wp-json\/wp\/v2\/posts\/14235\/revisions"}],"wp:featuredmedia":[{"embeddable":true,"href":"https:\/\/blogs.correiobraziliense.com.br\/vicente\/wp-json\/wp\/v2\/media\/14246"}],"wp:attachment":[{"href":"https:\/\/blogs.correiobraziliense.com.br\/vicente\/wp-json\/wp\/v2\/media?parent=14235"}],"wp:term":[{"taxonomy":"category","embeddable":true,"href":"https:\/\/blogs.correiobraziliense.com.br\/vicente\/wp-json\/wp\/v2\/categories?post=14235"},{"taxonomy":"post_tag","embeddable":true,"href":"https:\/\/blogs.correiobraziliense.com.br\/vicente\/wp-json\/wp\/v2\/tags?post=14235"}],"curies":[{"name":"wp","href":"https:\/\/api.w.org\/{rel}","templated":true}]}}