{"id":14229,"date":"2020-06-08T20:22:07","date_gmt":"2020-06-08T23:22:07","guid":{"rendered":"https:\/\/blogs.correiobraziliense.com.br\/vicente\/?p=14229"},"modified":"2020-06-08T20:22:07","modified_gmt":"2020-06-08T23:22:07","slug":"mp-do-tcu-quer-que-o-governo-acabe-com-as-perigosas-pedaladas-sanitarias","status":"publish","type":"post","link":"https:\/\/blogs.correiobraziliense.com.br\/vicente\/mp-do-tcu-quer-que-o-governo-acabe-com-as-perigosas-pedaladas-sanitarias\/","title":{"rendered":"MP do TCU quer que o governo acabe com as perigosas pedaladas sanit\u00e1rias"},"content":{"rendered":"<h2>O procurador do Minist\u00e9rio P\u00fablico no Tribunal de Contas da Uni\u00e3o (TCU), J\u00falio Marcelo de Oliveira, entrou com representa\u00e7\u00e3o junto \u00e0 Corte para que seja expedida medida cautelar exigindo que o Minist\u00e9rio da Sa\u00fade restabele\u00e7a a divulga\u00e7\u00e3o de dados sobre contaminados e mortos pelo novo coronav\u00edrus.<a href=\"https:\/\/blogs.correiobraziliense.com.br\/vicente\/wp-content\/uploads\/sites\/16\/2020\/06\/CorreioTCU.jpg\"><img loading=\"lazy\" decoding=\"async\" class=\"alignnone size-full wp-image-14230\" src=\"https:\/\/blogs.correiobraziliense.com.br\/vicente\/wp-content\/uploads\/sites\/16\/2020\/06\/CorreioTCU.jpg\" alt=\"\" width=\"819\" height=\"645\" \/><\/a><\/h2>\n<p>&nbsp;<\/p>\n<p>Oliveira ressalta que as perigosas pedaladas sanit\u00e1rias do governo ferem todas as leis que preveem a transpar\u00eancia de informa\u00e7\u00f5es p\u00fablicas em benef\u00edcio da popula\u00e7\u00e3o. Diz ele: &#8220;A pol\u00edtica de dados abertos definidas no art. 1\u00ba do Decreto n\u00ba 8.777, de 2016, tem por objetivo, dentre outros, aprimorar a cultura de transpar\u00eancia p\u00fablica (inciso II)&#8221; e<br \/>\n&#8220;franquear aos cidad\u00e3os o acesso, de forma aberta, aos dados produzidos ou acumulados pelo Poder Executivo federal (inciso III)&#8221;.<\/p>\n<p>&nbsp;<\/p>\n<p>A mesma legisla\u00e7\u00e3o prev\u00ea ainda, por meio da transpar\u00eancia dos dados: &#8220;facilitar o interc\u00e2mbio de dados entre \u00f3rg\u00e3os e entidades da administra\u00e7\u00e3o P\u00fablica federal e as diferentes esferas da Federa\u00e7\u00e3o (inciso IV)&#8221;; al\u00e9m de &#8220;fomentar o\u00a0controle social e o desenvolvimento de novas tecnologias destinadas \u00e0 constru\u00e7\u00e3o de ambiente de gest\u00e3o p\u00fablica participativa e democr\u00e1tica e \u00e0 melhor oferta de servi\u00e7os p\u00fablicos para o\u00a0cidad\u00e3o (inciso V)&#8221;.<\/p>\n<p>&nbsp;<\/p>\n<p>N\u00e3o \u00e9 s\u00f3. A transpar\u00eancia dos dados permite ainda: &#8220;fomentar a pesquisa cient\u00edfica de base emp\u00edrica sobre a gest\u00e3o p\u00fablica\u00a0(inciso VI)&#8221; e &#8220;promover o compartilhamento de recursos de tecnologia da informa\u00e7\u00e3o, de maneira a evitar a duplicidade de a\u00e7\u00f5es e o desperd\u00edcio de recursos na dissemina\u00e7\u00e3o de dados e\u00a0informa\u00e7\u00f5es (inciso VIII)&#8221;.<\/p>\n<p>&nbsp;<\/p>\n<p><strong>Bolsonaro<\/strong><\/p>\n<p>&nbsp;<\/p>\n<p>Segundo o procurador, &#8220;na \u00faltima quinta-feira (4\/6), a sociedade brasileira foi surpreendida com\u00a0mudan\u00e7as no hor\u00e1rio e no conte\u00fado divulgado sobre os casos de Covid-19 pelo Minist\u00e9rio da\u00a0Sa\u00fade. Ele ressalta que, conforme divulgado pelo <strong>Correio Braziliense<\/strong>,\u00a0a ordem teria partido da Presid\u00eancia da Rep\u00fablica, gerando diversas cr\u00edticas e manifesta\u00e7\u00f5es de autoridades dos demais\u00a0Poderes e \u00f3rg\u00e3os aut\u00f4nomos. A altera\u00e7\u00e3o dos dados divulgados diariamente pelo Minist\u00e9rio da Sa\u00fade foi oficializada no \u00faltimo\u00a0s\u00e1bado (6\/6), ap\u00f3s o sistema ficar fora do ar por quase 20 horas.<\/p>\n<p>&nbsp;<\/p>\n<p>No processo, o procurador ressalta que a expedi\u00e7\u00e3o de medida cautelar pelo TCU obrigar\u00e1 o Minist\u00e9rio da Sa\u00fade da Sa\u00fade a restabelecer, &#8220;imediatamente, a transpar\u00eancia ativa do Portal Covid-19&#8221;,\u00a0no sentido de &#8220;assegurar a plena visibilidade das informa\u00e7\u00f5es\u00a0divulgadas diariamente (referentes \u00e0s \u00faltimas 24 horas e acumuladas at\u00e9 a data\/hora da<br \/>\ndivulga\u00e7\u00e3o), que contemple, pelo menos, os dados relativos a \u00f3bitos, novos casos e taxa de\u00a0incid\u00eancia por referencial de habitantes das cidades, de forma segregada por estado e\u00a0respectivos munic\u00edpios&#8221;.<\/p>\n<p>&nbsp;<\/p>\n<p>Oliveira pede ainda que o TCU obrigue o Minist\u00e9rio da Sa\u00fade a apresentar a\u00a0justificativa t\u00e9cnica plaus\u00edvel para a altera\u00e7\u00e3o do hor\u00e1rio de divulga\u00e7\u00e3o das informa\u00e7\u00f5es no Portal da Covid-19, assim como sua\u00a0adequa\u00e7\u00e3o aos prop\u00f3sitos definidos em lei.<\/p>\n<p>&nbsp;<\/p>\n<p><em>Bras\u00edlia, 20h22min<\/em><\/p>\n","protected":false},"excerpt":{"rendered":"<p>O procurador do Minist\u00e9rio P\u00fablico no Tribunal de Contas da Uni\u00e3o (TCU), J\u00falio Marcelo de Oliveira, entrou com representa\u00e7\u00e3o junto \u00e0 Corte para que seja expedida medida cautelar exigindo que o Minist\u00e9rio da Sa\u00fade restabele\u00e7a a divulga\u00e7\u00e3o de dados sobre contaminados e mortos pelo novo coronav\u00edrus. &nbsp; Oliveira ressalta que as perigosas pedaladas sanit\u00e1rias do [&hellip;]<\/p>\n","protected":false},"author":22,"featured_media":12912,"comment_status":"open","ping_status":"closed","sticky":false,"template":"","format":"standard","meta":{"footnotes":""},"categories":[600],"tags":[3283,467,1836,2382,4661,50],"class_list":["post-14229","post","type-post","status-publish","format-standard","has-post-thumbnail","hentry","category-economia","tag-dados","tag-governo","tag-ministerio","tag-mp","tag-novo-coronavirus","tag-tcu"],"_links":{"self":[{"href":"https:\/\/blogs.correiobraziliense.com.br\/vicente\/wp-json\/wp\/v2\/posts\/14229","targetHints":{"allow":["GET"]}}],"collection":[{"href":"https:\/\/blogs.correiobraziliense.com.br\/vicente\/wp-json\/wp\/v2\/posts"}],"about":[{"href":"https:\/\/blogs.correiobraziliense.com.br\/vicente\/wp-json\/wp\/v2\/types\/post"}],"author":[{"embeddable":true,"href":"https:\/\/blogs.correiobraziliense.com.br\/vicente\/wp-json\/wp\/v2\/users\/22"}],"replies":[{"embeddable":true,"href":"https:\/\/blogs.correiobraziliense.com.br\/vicente\/wp-json\/wp\/v2\/comments?post=14229"}],"version-history":[{"count":0,"href":"https:\/\/blogs.correiobraziliense.com.br\/vicente\/wp-json\/wp\/v2\/posts\/14229\/revisions"}],"wp:featuredmedia":[{"embeddable":true,"href":"https:\/\/blogs.correiobraziliense.com.br\/vicente\/wp-json\/wp\/v2\/media\/12912"}],"wp:attachment":[{"href":"https:\/\/blogs.correiobraziliense.com.br\/vicente\/wp-json\/wp\/v2\/media?parent=14229"}],"wp:term":[{"taxonomy":"category","embeddable":true,"href":"https:\/\/blogs.correiobraziliense.com.br\/vicente\/wp-json\/wp\/v2\/categories?post=14229"},{"taxonomy":"post_tag","embeddable":true,"href":"https:\/\/blogs.correiobraziliense.com.br\/vicente\/wp-json\/wp\/v2\/tags?post=14229"}],"curies":[{"name":"wp","href":"https:\/\/api.w.org\/{rel}","templated":true}]}}