{"id":14227,"date":"2020-06-08T18:01:14","date_gmt":"2020-06-08T21:01:14","guid":{"rendered":"https:\/\/blogs.correiobraziliense.com.br\/vicente\/?p=14227"},"modified":"2020-06-08T18:01:14","modified_gmt":"2020-06-08T21:01:14","slug":"rubem-novaes-nao-vai-sossegar-enquanto-nao-privatizar-o-banco-do-brasil","status":"publish","type":"post","link":"https:\/\/blogs.correiobraziliense.com.br\/vicente\/rubem-novaes-nao-vai-sossegar-enquanto-nao-privatizar-o-banco-do-brasil\/","title":{"rendered":"Rubem Novaes n\u00e3o vai sossegar enquanto n\u00e3o privatizar o Banco do Brasil"},"content":{"rendered":"<h2>Apesar de o presidente Jair Bolsonaro deixar claro que este n\u00e3o \u00e9 o momento para se falar em venda do controle acion\u00e1rio do Banco do Brasil, o presidente da institui\u00e7\u00e3o, Rubem Novaes, mostra que n\u00e3o vai sossegar enquanto n\u00e3o privatizar o BB.<\/h2>\n<p>&nbsp;<\/p>\n<p>Em depoimento nesta segunda-feira (08\/06) ao Congresso, durante audi\u00eancia p\u00fablica promovida pela Comiss\u00e3o Mista de Acompanhamento das Medidas de Combate \u00e0 Covid-19, Novaes voltou a falar da transfer\u00eancia do controle acion\u00e1rio do Banco do Brasil para a iniciativa privada.<\/p>\n<p>&nbsp;<\/p>\n<p>A meta, afirmou ele, n\u00e3o \u00e9 entregar o BB para uma institui\u00e7\u00e3o estrangeira ou para gigantes brasileiros como Bradesco e Ita\u00fa Unibanco. A ideia \u00e9 vender as a\u00e7\u00f5es do Banco do Brasil de forma pulverizada no mercado. Assim, o BB n\u00e3o teria controle de um \u00fanico grupo. \u00c9 o que ele chama de &#8220;corporation&#8221;.<\/p>\n<p>&nbsp;<\/p>\n<p>Para que isso aconte\u00e7a, segundo Novaes, falta muito pouco para o Banco do Brasil ser privatizado, uma vez que 50% das a\u00e7\u00f5es da institui\u00e7\u00e3o j\u00e1 est\u00e3o no mercado. Ou seja, se o Tesouro Nacional se desfizer que uma pequena parcela de suas a\u00e7\u00f5es, o BB j\u00e1 n\u00e3o ter\u00e1 mais controle estatal. O Banco do Brasil seria uma institui\u00e7\u00e3o privada.<\/p>\n<p>&nbsp;<\/p>\n<p>No depoimento, Novaes foi enf\u00e1tico: &#8220;As pessoas imaginam que o Banco do Brasil seria comprado por um grande banco estrangeiro, ou pelo Ita\u00fa ou o Bradesco, por exemplo. N\u00e3o \u00e9 nada disso o que est\u00e1 se imaginando. O BB j\u00e1 tem 50% de suas a\u00e7\u00f5es em m\u00e3os privadas. \u00c9 s\u00f3 vender mais um pouco e vira uma institui\u00e7\u00e3o privada. \u00c9 s\u00f3 fazer do banco uma corporation com muitos s\u00f3cios&#8221;.<\/p>\n<p>&nbsp;<\/p>\n<p><strong>O obst\u00e1culo Bolsonaro<\/strong><\/p>\n<p>&nbsp;<\/p>\n<p>As declara\u00e7\u00f5es de Novaes chamaram a aten\u00e7\u00e3o de integrantes do Pal\u00e1cio do Planalto. Um deles afirmou: &#8220;O Novaes n\u00e3o sossega. Ele dorme e acorda pensando na privatiza\u00e7\u00e3o do Banco do Brasil. Ele s\u00f3 precisa se lembrar que h\u00e1 um grande obst\u00e1culo no caminho dele: o presidente da Rep\u00fablica&#8221;. Bolsonaro s\u00f3 aceitaria vender o BB em um eventual segundo mandato, mesmo assim, a resist\u00eancia seria grande, pois o militares n\u00e3o gostam da ideia.<\/p>\n<p>&nbsp;<\/p>\n<p>Na avalia\u00e7\u00e3o de Novaes, o BB precisa se preparar para novos tempos, que v\u00e3o chegar muito r\u00e1pido. Ele lembrou que o setor banc\u00e1rio est\u00e1 passando por uma revolu\u00e7\u00e3o, que se intensificar\u00e1 em 2021 diante da decis\u00e3o do Banco Central de implantar o sistema de open banking, que permitir\u00e1 o compartilhamento de dados dos correntistas.<\/p>\n<p>&nbsp;<\/p>\n<p>Para o presidente do BB, o banco ser\u00e1 cada vez mais uma empresa de tecnologia que presta servi\u00e7os e corre riscos banc\u00e1rios. &#8220;Mas n\u00f3s estamos presos \u00e0s amarras do setor p\u00fablico. \u00c9 pensando no benef\u00edcio do banco que falo em privatiza\u00e7\u00e3o&#8221;, frisou.<\/p>\n<p>&nbsp;<\/p>\n<p>No entender dele, hoje o Banco do Brasil s\u00f3 tem \u00f4nus por ser estatal, pois \u00e9 obrigado a\u00a0submeter todas as decis\u00f5es importantes ao Tribunal de Constas da Uni\u00e3o (TCU) e sequer pode definir sua publicidade, que est\u00e1 submetida \u00e0 Secretaria de Comunica\u00e7\u00e3o da Presid\u00eancia da Rep\u00fablica.<\/p>\n<p>&nbsp;<\/p>\n<p>Para Novaes, a privatiza\u00e7\u00e3o do Banco do Brasil n\u00e3o \u00e9 uma quest\u00e3o ideol\u00f3gica. &#8220;Nossa pol\u00edtica de recursos humanos \u00e9 travada. N\u00e3o podemos demitir um mau funcion\u00e1rio, ou premiar um bom funcion\u00e1rio. N\u00e3o podemos pin\u00e7ar no mercado uma pessoa para cumprir determinada tarefa, ou dar alguma compensa\u00e7\u00e3o a algum executivo que est\u00e1 sendo assediado pela concorr\u00eancia. Perdemos mais de 50 executivos de primeira linha, desde 2019, para o setor privado&#8221;, destacou, durante o depoimento.<\/p>\n<p>&nbsp;<\/p>\n<p><em>Bras\u00edlia, 18h01min<\/em><\/p>\n","protected":false},"excerpt":{"rendered":"<p>Apesar de o presidente Jair Bolsonaro deixar claro que este n\u00e3o \u00e9 o momento para se falar em venda do controle acion\u00e1rio do Banco do Brasil, o presidente da institui\u00e7\u00e3o, Rubem Novaes, mostra que n\u00e3o vai sossegar enquanto n\u00e3o privatizar o BB. &nbsp; Em depoimento nesta segunda-feira (08\/06) ao Congresso, durante audi\u00eancia p\u00fablica promovida pela [&hellip;]<\/p>\n","protected":false},"author":22,"featured_media":11451,"comment_status":"open","ping_status":"closed","sticky":false,"template":"","format":"standard","meta":{"footnotes":""},"categories":[600],"tags":[229,1373,2554,4660,540,4029],"class_list":["post-14227","post","type-post","status-publish","format-standard","has-post-thumbnail","hentry","category-economia","tag-banco-do-brasil","tag-bb","tag-bolsonaro","tag-corporation","tag-privatizacao","tag-rubem-novaes"],"_links":{"self":[{"href":"https:\/\/blogs.correiobraziliense.com.br\/vicente\/wp-json\/wp\/v2\/posts\/14227","targetHints":{"allow":["GET"]}}],"collection":[{"href":"https:\/\/blogs.correiobraziliense.com.br\/vicente\/wp-json\/wp\/v2\/posts"}],"about":[{"href":"https:\/\/blogs.correiobraziliense.com.br\/vicente\/wp-json\/wp\/v2\/types\/post"}],"author":[{"embeddable":true,"href":"https:\/\/blogs.correiobraziliense.com.br\/vicente\/wp-json\/wp\/v2\/users\/22"}],"replies":[{"embeddable":true,"href":"https:\/\/blogs.correiobraziliense.com.br\/vicente\/wp-json\/wp\/v2\/comments?post=14227"}],"version-history":[{"count":0,"href":"https:\/\/blogs.correiobraziliense.com.br\/vicente\/wp-json\/wp\/v2\/posts\/14227\/revisions"}],"wp:featuredmedia":[{"embeddable":true,"href":"https:\/\/blogs.correiobraziliense.com.br\/vicente\/wp-json\/wp\/v2\/media\/11451"}],"wp:attachment":[{"href":"https:\/\/blogs.correiobraziliense.com.br\/vicente\/wp-json\/wp\/v2\/media?parent=14227"}],"wp:term":[{"taxonomy":"category","embeddable":true,"href":"https:\/\/blogs.correiobraziliense.com.br\/vicente\/wp-json\/wp\/v2\/categories?post=14227"},{"taxonomy":"post_tag","embeddable":true,"href":"https:\/\/blogs.correiobraziliense.com.br\/vicente\/wp-json\/wp\/v2\/tags?post=14227"}],"curies":[{"name":"wp","href":"https:\/\/api.w.org\/{rel}","templated":true}]}}