{"id":14211,"date":"2020-06-04T16:27:15","date_gmt":"2020-06-04T19:27:15","guid":{"rendered":"https:\/\/blogs.correiobraziliense.com.br\/vicente\/?p=14211"},"modified":"2020-06-04T16:27:15","modified_gmt":"2020-06-04T19:27:15","slug":"diretor-do-bndes-e-eleito-para-associacao-de-bancos-de-desenvolvimento","status":"publish","type":"post","link":"https:\/\/blogs.correiobraziliense.com.br\/vicente\/diretor-do-bndes-e-eleito-para-associacao-de-bancos-de-desenvolvimento\/","title":{"rendered":"Diretor do BNDES \u00e9 eleito para associa\u00e7\u00e3o de bancos de desenvolvimento"},"content":{"rendered":"<h2>O diretor de Opera\u00e7\u00f5es do Banco Nacional de Desenvolvimento Econ\u00f4mico e Social (BNDES), Ricardo Wiering de Barros, vai compor a diretoria da Associa\u00e7\u00e3o Brasileira de Desenvolvimento (ABDE). Ele foi eleito nesta quinta-feira (04\/06), em assembleia com a participa\u00e7\u00e3o dos executivos de 28 institui\u00e7\u00f5es de fomento associadas \u00e0 organiza\u00e7\u00e3o, de todas as regi\u00f5es do pa\u00eds. Barros ficar\u00e1 na fun\u00e7\u00e3o at\u00e9 o fim de 2021.<\/h2>\n<p>&nbsp;<\/p>\n<p>A diretoria da ABDE \u00e9 formada por dez membros, presidida atualmente pelo diretor do Banco do Nordeste Perp\u00e9tuo Cajazeiras e tendo como vice-presidentes o presidente do Banco de Desenvolvimento de Minas Gerais (BDMG), S\u00e9rgio Gusm\u00e3o Suchodolski; e o diretor do Banco do Brasil, \u00canio Mathias Ferreira.\u00a0O presidente do BNDES, Gustavo Montezano, que tamb\u00e9m preside a assembleia da ABDE, participou pela primeira vez da reuni\u00e3o do colegiado.<\/p>\n<p>&nbsp;<\/p>\n<p><em>Bras\u00edlia, 16h27min<\/em><\/p>\n","protected":false},"excerpt":{"rendered":"<p>O diretor de Opera\u00e7\u00f5es do Banco Nacional de Desenvolvimento Econ\u00f4mico e Social (BNDES), Ricardo Wiering de Barros, vai compor a diretoria da Associa\u00e7\u00e3o Brasileira de Desenvolvimento (ABDE). Ele foi eleito nesta quinta-feira (04\/06), em assembleia com a participa\u00e7\u00e3o dos executivos de 28 institui\u00e7\u00f5es de fomento associadas \u00e0 organiza\u00e7\u00e3o, de todas as regi\u00f5es do pa\u00eds. Barros [&hellip;]<\/p>\n","protected":false},"author":22,"featured_media":0,"comment_status":"open","ping_status":"closed","sticky":false,"template":"","format":"standard","meta":{"footnotes":""},"categories":[600],"tags":[],"class_list":["post-14211","post","type-post","status-publish","format-standard","hentry","category-economia"],"_links":{"self":[{"href":"https:\/\/blogs.correiobraziliense.com.br\/vicente\/wp-json\/wp\/v2\/posts\/14211","targetHints":{"allow":["GET"]}}],"collection":[{"href":"https:\/\/blogs.correiobraziliense.com.br\/vicente\/wp-json\/wp\/v2\/posts"}],"about":[{"href":"https:\/\/blogs.correiobraziliense.com.br\/vicente\/wp-json\/wp\/v2\/types\/post"}],"author":[{"embeddable":true,"href":"https:\/\/blogs.correiobraziliense.com.br\/vicente\/wp-json\/wp\/v2\/users\/22"}],"replies":[{"embeddable":true,"href":"https:\/\/blogs.correiobraziliense.com.br\/vicente\/wp-json\/wp\/v2\/comments?post=14211"}],"version-history":[{"count":0,"href":"https:\/\/blogs.correiobraziliense.com.br\/vicente\/wp-json\/wp\/v2\/posts\/14211\/revisions"}],"wp:attachment":[{"href":"https:\/\/blogs.correiobraziliense.com.br\/vicente\/wp-json\/wp\/v2\/media?parent=14211"}],"wp:term":[{"taxonomy":"category","embeddable":true,"href":"https:\/\/blogs.correiobraziliense.com.br\/vicente\/wp-json\/wp\/v2\/categories?post=14211"},{"taxonomy":"post_tag","embeddable":true,"href":"https:\/\/blogs.correiobraziliense.com.br\/vicente\/wp-json\/wp\/v2\/tags?post=14211"}],"curies":[{"name":"wp","href":"https:\/\/api.w.org\/{rel}","templated":true}]}}