{"id":14202,"date":"2020-06-01T11:41:01","date_gmt":"2020-06-01T14:41:01","guid":{"rendered":"https:\/\/blogs.correiobraziliense.com.br\/vicente\/?p=14202"},"modified":"2020-06-01T11:41:01","modified_gmt":"2020-06-01T14:41:01","slug":"fundo-da-xp-compra-hospital-de-olhos-cbv-por-r-200-milhoes","status":"publish","type":"post","link":"https:\/\/blogs.correiobraziliense.com.br\/vicente\/fundo-da-xp-compra-hospital-de-olhos-cbv-por-r-200-milhoes\/","title":{"rendered":"Fundo da XP compra hospital de olhos CBV por R$ 200 milh\u00f5es"},"content":{"rendered":"<h2>De olho em um mercado que deve passar por forte consolida\u00e7\u00e3o, um dos fundos de private equity geridos pela XP Investimentos comprou o controle acion\u00e1rio do CBV Hospital de Olhos, com sede em Bras\u00edlia. O neg\u00f3cio envolveu R$ 200 milh\u00f5es.<\/h2>\n<p>&nbsp;<\/p>\n<p>Segundo a XP, a meta \u00e9 usar o CBV como instrumento para a compra de cl\u00ednicas e hospitais oftalmol\u00f3gicos espalhados pelo pa\u00eds, num processo de agrupamento de neg\u00f3cios que tendem a crescer muito nos pr\u00f3ximos anos. A estimativa \u00e9 de que existam pelo menos 5 mil cl\u00ednicas no Brasil, com faturamento de anual de R$ 8 bilh\u00f5es.<\/p>\n<p>&nbsp;<\/p>\n<p>O CBV foi fundado em 2004 pelo m\u00e9dico Marcos \u00c1vila. O hospital oferece solu\u00e7\u00f5es em consultas, exames, tratamentos cl\u00ednicos e cirurgias em um mesmo local. \u00c0 ag\u00eancia de not\u00edcias <em>Reuters<\/em>, \u00c1vila disse que viu na associa\u00e7\u00e3o com a XP &#8220;uma\u00a0oportunidade de consolidar o setor, mas n\u00e3o tinha capital para financiar o projeto sozinho&#8221;.<\/p>\n<p>&nbsp;<\/p>\n<p>\u00c1vila permanecer\u00e1 na empresa como acionista e diretor m\u00e9dico, com a miss\u00e3o de auxiliar no projeto de levar o\u00a0CBV a atingir 1 milh\u00e3o de consultas em cinco anos ap\u00f3s aquisi\u00e7\u00f5es de outras cl\u00ednicas e pelo crescimento org\u00e2nico. O CBV passar\u00e1 a ser presidido por Rafael Mendes, que liderou o processo de aquisi\u00e7\u00f5es realizadas pela Oncocl\u00ednicas.<\/p>\n<p>&nbsp;<\/p>\n<p><em>Bras\u00edlia, 11h41min<\/em><\/p>\n","protected":false},"excerpt":{"rendered":"<p>De olho em um mercado que deve passar por forte consolida\u00e7\u00e3o, um dos fundos de private equity geridos pela XP Investimentos comprou o controle acion\u00e1rio do CBV Hospital de Olhos, com sede em Bras\u00edlia. O neg\u00f3cio envolveu R$ 200 milh\u00f5es. &nbsp; Segundo a XP, a meta \u00e9 usar o CBV como instrumento para a compra [&hellip;]<\/p>\n","protected":false},"author":22,"featured_media":14204,"comment_status":"open","ping_status":"closed","sticky":false,"template":"","format":"standard","meta":{"footnotes":""},"categories":[600],"tags":[926,4645,238,4646,4647,3433],"class_list":["post-14202","post","type-post","status-publish","format-standard","has-post-thumbnail","hentry","category-economia","tag-brasilia","tag-cbv","tag-compra","tag-consolidacao","tag-hospital-de-olhos","tag-xp-investimentos"],"_links":{"self":[{"href":"https:\/\/blogs.correiobraziliense.com.br\/vicente\/wp-json\/wp\/v2\/posts\/14202","targetHints":{"allow":["GET"]}}],"collection":[{"href":"https:\/\/blogs.correiobraziliense.com.br\/vicente\/wp-json\/wp\/v2\/posts"}],"about":[{"href":"https:\/\/blogs.correiobraziliense.com.br\/vicente\/wp-json\/wp\/v2\/types\/post"}],"author":[{"embeddable":true,"href":"https:\/\/blogs.correiobraziliense.com.br\/vicente\/wp-json\/wp\/v2\/users\/22"}],"replies":[{"embeddable":true,"href":"https:\/\/blogs.correiobraziliense.com.br\/vicente\/wp-json\/wp\/v2\/comments?post=14202"}],"version-history":[{"count":0,"href":"https:\/\/blogs.correiobraziliense.com.br\/vicente\/wp-json\/wp\/v2\/posts\/14202\/revisions"}],"wp:featuredmedia":[{"embeddable":true,"href":"https:\/\/blogs.correiobraziliense.com.br\/vicente\/wp-json\/wp\/v2\/media\/14204"}],"wp:attachment":[{"href":"https:\/\/blogs.correiobraziliense.com.br\/vicente\/wp-json\/wp\/v2\/media?parent=14202"}],"wp:term":[{"taxonomy":"category","embeddable":true,"href":"https:\/\/blogs.correiobraziliense.com.br\/vicente\/wp-json\/wp\/v2\/categories?post=14202"},{"taxonomy":"post_tag","embeddable":true,"href":"https:\/\/blogs.correiobraziliense.com.br\/vicente\/wp-json\/wp\/v2\/tags?post=14202"}],"curies":[{"name":"wp","href":"https:\/\/api.w.org\/{rel}","templated":true}]}}