{"id":14182,"date":"2020-05-26T15:17:52","date_gmt":"2020-05-26T18:17:52","guid":{"rendered":"https:\/\/blogs.correiobraziliense.com.br\/vicente\/?p=14182"},"modified":"2020-05-26T15:17:52","modified_gmt":"2020-05-26T18:17:52","slug":"bolsonaro-acredita-que-abateu-witzel-com-tiro-de-canhao","status":"publish","type":"post","link":"https:\/\/blogs.correiobraziliense.com.br\/vicente\/bolsonaro-acredita-que-abateu-witzel-com-tiro-de-canhao\/","title":{"rendered":"Bolsonaro acredita que abateu Witzel com tiro de canh\u00e3o"},"content":{"rendered":"<h2>Ha muito tempo n\u00e3o se via um clima de tanta euforia no Pal\u00e1cio do Planalto. Quem esteve com o presidente Jair Bolsonaro nesta ter\u00e7a-feira (26\/05) diz que ele est\u00e1 exultante diante da opera\u00e7\u00e3o da Pol\u00edcia Federal que pegou o governador do Rio de Janeiro, Wilson Witzel. Para os mais pr\u00f3ximos, afirma que o advers\u00e1rio foi abatido com um tiro de canh\u00e3o.<\/h2>\n<p>&nbsp;<\/p>\n<p>Pelo relatos que recebeu da Opera\u00e7\u00e3o Placebo, Bolsonaro n\u00e3o tem d\u00favidas de que, politicamente, Witzel est\u00e1 destru\u00eddo. Alguns assessores mais afoitos do presidente dizem a ele que, dificilmente, o governador do Rio terminar\u00e1 o mandato. A PF n\u00e3o dar\u00e1 tr\u00e9gua a ele.<\/p>\n<p>&nbsp;<\/p>\n<p>Na avalia\u00e7\u00e3o dentro do Planalto, tudo joga contra Witzel: h\u00e1 ind\u00edcios claros de que houve corrup\u00e7\u00e3o no governo dele, a opera\u00e7\u00e3o da Pol\u00edcia Federal ocorre num momento dram\u00e1tico para o pa\u00eds e as suspeitas s\u00e3o de desvios de verbas da sa\u00fade em meio a uma pandemia. &#8220;Isso bate fundo na opini\u00e3o p\u00fablica&#8221;, afirma um integrante do Planalto.<\/p>\n<p>&nbsp;<\/p>\n<p>Bolsonaro acredita que, \u00e0 medida que as investiga\u00e7\u00f5es forem avan\u00e7ando e as provas contra Witzel aparecendo, a oposi\u00e7\u00e3o contra o governador no estado poder\u00e1 resultar em um processo de afastamento aberto pela Assembleia Legislativa. Aquele casa, ressalta outro assessor presidencial, \u00e9 bolsonarista.<\/p>\n<p>&nbsp;<\/p>\n<p><strong>De joelhos<\/strong><\/p>\n<p>&nbsp;<\/p>\n<p>A partir de agora, a ordem do Planalto \u00e9 para que todos os aliados do presidente no Rio partam para cima de Witzel, n\u00e3o deixando espa\u00e7o para rea\u00e7\u00e3o. O Planalto sabe que esta guerra n\u00e3o ser\u00e1 f\u00e1cil, mas se gaba de o governador do Rio estar quase de joelhos.<\/p>\n<p>&nbsp;<\/p>\n<p>No que o governo federal puder fustigar Witzel, o far\u00e1 sem d\u00f3 nem piedade. At\u00e9 porque o Planalto quer transferir parte da crise que assombra Bolsonaro para o Rio e para outros estados \u2014 sim, outros governadores est\u00e3o na mira da PF, como afirmou a deputada Carla Zambelli.<\/p>\n<p>&nbsp;<\/p>\n<p>&#8220;Uma coisa \u00e9 certa, Witzel n\u00e3o ter\u00e1 vida f\u00e1cil. Daqui por diante, todo tempo dele ser\u00e1 gasto para se defender do indefens\u00e1vel&#8221;, ressalta um interlocutor do presidente. O governador do Rio garante que \u00e9 inocente e que est\u00e1 sendo v\u00edtima da &#8220;ditadura&#8221; criada por Bolsonaro.<\/p>\n<p>&nbsp;<\/p>\n<p><em>Bras\u00edlia, 15h17min<\/em><\/p>\n","protected":false},"excerpt":{"rendered":"<p>Ha muito tempo n\u00e3o se via um clima de tanta euforia no Pal\u00e1cio do Planalto. Quem esteve com o presidente Jair Bolsonaro nesta ter\u00e7a-feira (26\/05) diz que ele est\u00e1 exultante diante da opera\u00e7\u00e3o da Pol\u00edcia Federal que pegou o governador do Rio de Janeiro, Wilson Witzel. Para os mais pr\u00f3ximos, afirma que o advers\u00e1rio foi [&hellip;]<\/p>\n","protected":false},"author":22,"featured_media":10126,"comment_status":"open","ping_status":"closed","sticky":false,"template":"","format":"standard","meta":{"footnotes":""},"categories":[600],"tags":[],"class_list":["post-14182","post","type-post","status-publish","format-standard","has-post-thumbnail","hentry","category-economia"],"_links":{"self":[{"href":"https:\/\/blogs.correiobraziliense.com.br\/vicente\/wp-json\/wp\/v2\/posts\/14182","targetHints":{"allow":["GET"]}}],"collection":[{"href":"https:\/\/blogs.correiobraziliense.com.br\/vicente\/wp-json\/wp\/v2\/posts"}],"about":[{"href":"https:\/\/blogs.correiobraziliense.com.br\/vicente\/wp-json\/wp\/v2\/types\/post"}],"author":[{"embeddable":true,"href":"https:\/\/blogs.correiobraziliense.com.br\/vicente\/wp-json\/wp\/v2\/users\/22"}],"replies":[{"embeddable":true,"href":"https:\/\/blogs.correiobraziliense.com.br\/vicente\/wp-json\/wp\/v2\/comments?post=14182"}],"version-history":[{"count":0,"href":"https:\/\/blogs.correiobraziliense.com.br\/vicente\/wp-json\/wp\/v2\/posts\/14182\/revisions"}],"wp:featuredmedia":[{"embeddable":true,"href":"https:\/\/blogs.correiobraziliense.com.br\/vicente\/wp-json\/wp\/v2\/media\/10126"}],"wp:attachment":[{"href":"https:\/\/blogs.correiobraziliense.com.br\/vicente\/wp-json\/wp\/v2\/media?parent=14182"}],"wp:term":[{"taxonomy":"category","embeddable":true,"href":"https:\/\/blogs.correiobraziliense.com.br\/vicente\/wp-json\/wp\/v2\/categories?post=14182"},{"taxonomy":"post_tag","embeddable":true,"href":"https:\/\/blogs.correiobraziliense.com.br\/vicente\/wp-json\/wp\/v2\/tags?post=14182"}],"curies":[{"name":"wp","href":"https:\/\/api.w.org\/{rel}","templated":true}]}}