{"id":14179,"date":"2020-05-25T17:01:12","date_gmt":"2020-05-25T20:01:12","guid":{"rendered":"https:\/\/blogs.correiobraziliense.com.br\/vicente\/?p=14179"},"modified":"2020-05-25T17:01:12","modified_gmt":"2020-05-25T20:01:12","slug":"binvestidores-compram-privatizacao-do-banco-do-brasil-e-acoes-sobem-mais-de-10","status":"publish","type":"post","link":"https:\/\/blogs.correiobraziliense.com.br\/vicente\/binvestidores-compram-privatizacao-do-banco-do-brasil-e-acoes-sobem-mais-de-10\/","title":{"rendered":"Investidores &#8220;compram&#8221; privatiza\u00e7\u00e3o do Banco do Brasil e a\u00e7\u00f5es sobem mais de 10%"},"content":{"rendered":"<h2>No primeiro preg\u00e3o da Bolsa de Valores de S\u00e3o Paulo depois da exibi\u00e7\u00e3o do v\u00eddeo da reuni\u00e3o ministerial de 22 de abril, na qual ficou clara a disposi\u00e7\u00e3o do presidente Jair Bolsonaro de intervir na Pol\u00edcia Federal, os investidores &#8220;compraram&#8221; com tudo a possibilidade de <a href=\"https:\/\/blogs.correiobraziliense.com.br\/vicente\/bb-esta-sendo-preparado-para-ser-vendido-a-estrangeiros\/\">privatiza\u00e7\u00e3o do Banco do Brasil<\/a> (BB). As a\u00e7\u00f5es da institui\u00e7\u00e3o registram alta de mais de 10%.<\/h2>\n<p>&nbsp;<\/p>\n<p>Os investidores se empolgaram com as declara\u00e7\u00f5es do ministro da Economia, Paulo Guedes, de que o BB est\u00e1 pronto para ser vendido. &#8220;Tem que vender a porra do Banco do Brasil logo&#8221;, disse ele. Bolsonaro ressaltou, por\u00e9m, que a privatiza\u00e7\u00e3o do BB s\u00f3 ocorrer\u00e1 em 2023, caso ele seja reeleito.<\/p>\n<p>&nbsp;<\/p>\n<p>N\u00e3o \u00e9 de hoje que se sabe que o Banco do Brasil vem sendo preparado para a privatiza\u00e7\u00e3o. Essa, por sinal, foi a principal miss\u00e3o dada por Paulo Guedes a Rubem Novaes, quando convidou o executivo para comandar o banco controlado pelo Tesouro Nacional.<\/p>\n<p>&nbsp;<\/p>\n<p>Novaes deu passos importantes para enxugar o BB e entreg\u00e1-lo, de prefer\u00eancia, ao capital estrangeiro com o argumento de que o governo quer aumentar a concorr\u00eancia banc\u00e1ria no pa\u00eds. O BB, por\u00a0sinal, j\u00e1 vendeu a participa\u00e7\u00e3o que tinha na resseguradora IRB Brasil e na Neoenergia. Anunciou acordo para privatizar o BB Banco de Investimentos e avisou que vender\u00e1 a BB DTVM e o BB Am\u00e9ricas.<\/p>\n<p>&nbsp;<\/p>\n<p>O presidente do BB \u00e9 um dos mais radicais defensores de Bolsonaro. Tanto que endossa todo o discurso reacion\u00e1rio do chefe do Executivo. N\u00e3o \u00e9 s\u00f3: a fidelidade de Novaes a Bolsonaro \u00e9 t\u00e3o canina, que o filho 02 do presidente, o vereador Carlos, obrigou a institui\u00e7\u00e3o a voltar a anunciar em sites especializados em espalhar fake news. Ao ser denunciado, o BB suspendeu as propagandas, mas Carlos fez o banco recuar.<\/p>\n<p>&nbsp;<\/p>\n<p>Para especialistas, o Banco do Brasil sempre pagou um pre\u00e7o alto por sob controle do Tesouro e por ser usado politicamente em troca de apoio ao governo no Congresso. Com a perspectiva de privatiza\u00e7\u00e3o, no entanto, uma outra perspectiva se abre. \u00c0s 16h51, as a\u00e7\u00f5es ordin\u00e1rias do BB estavam cotadas a R$ 31,43, com valoriza\u00e7\u00e3o de 10,24%. No ano, por\u00e9m, caem 39,78%.<\/p>\n<p>&nbsp;<\/p>\n<p><em>Bras\u00edlia, 17h01min<\/em><\/p>\n","protected":false},"excerpt":{"rendered":"<p>No primeiro preg\u00e3o da Bolsa de Valores de S\u00e3o Paulo depois da exibi\u00e7\u00e3o do v\u00eddeo da reuni\u00e3o ministerial de 22 de abril, na qual ficou clara a disposi\u00e7\u00e3o do presidente Jair Bolsonaro de intervir na Pol\u00edcia Federal, os investidores &#8220;compraram&#8221; com tudo a possibilidade de privatiza\u00e7\u00e3o do Banco do Brasil (BB). As a\u00e7\u00f5es da institui\u00e7\u00e3o [&hellip;]<\/p>\n","protected":false},"author":22,"featured_media":11457,"comment_status":"open","ping_status":"closed","sticky":false,"template":"","format":"standard","meta":{"footnotes":""},"categories":[600],"tags":[26,3394,850,229,1373,2554,3613,540],"class_list":["post-14179","post","type-post","status-publish","format-standard","has-post-thumbnail","hentry","category-economia","tag-26","tag-acoes","tag-alta","tag-banco-do-brasil","tag-bb","tag-bolsonaro","tag-paulo-guedes","tag-privatizacao"],"_links":{"self":[{"href":"https:\/\/blogs.correiobraziliense.com.br\/vicente\/wp-json\/wp\/v2\/posts\/14179","targetHints":{"allow":["GET"]}}],"collection":[{"href":"https:\/\/blogs.correiobraziliense.com.br\/vicente\/wp-json\/wp\/v2\/posts"}],"about":[{"href":"https:\/\/blogs.correiobraziliense.com.br\/vicente\/wp-json\/wp\/v2\/types\/post"}],"author":[{"embeddable":true,"href":"https:\/\/blogs.correiobraziliense.com.br\/vicente\/wp-json\/wp\/v2\/users\/22"}],"replies":[{"embeddable":true,"href":"https:\/\/blogs.correiobraziliense.com.br\/vicente\/wp-json\/wp\/v2\/comments?post=14179"}],"version-history":[{"count":0,"href":"https:\/\/blogs.correiobraziliense.com.br\/vicente\/wp-json\/wp\/v2\/posts\/14179\/revisions"}],"wp:featuredmedia":[{"embeddable":true,"href":"https:\/\/blogs.correiobraziliense.com.br\/vicente\/wp-json\/wp\/v2\/media\/11457"}],"wp:attachment":[{"href":"https:\/\/blogs.correiobraziliense.com.br\/vicente\/wp-json\/wp\/v2\/media?parent=14179"}],"wp:term":[{"taxonomy":"category","embeddable":true,"href":"https:\/\/blogs.correiobraziliense.com.br\/vicente\/wp-json\/wp\/v2\/categories?post=14179"},{"taxonomy":"post_tag","embeddable":true,"href":"https:\/\/blogs.correiobraziliense.com.br\/vicente\/wp-json\/wp\/v2\/tags?post=14179"}],"curies":[{"name":"wp","href":"https:\/\/api.w.org\/{rel}","templated":true}]}}