{"id":14176,"date":"2020-05-23T19:50:25","date_gmt":"2020-05-23T22:50:25","guid":{"rendered":"https:\/\/blogs.correiobraziliense.com.br\/vicente\/?p=14176"},"modified":"2020-05-23T19:50:25","modified_gmt":"2020-05-23T22:50:25","slug":"weintraub-da-presente-muito-bem-remunerado-para-a-namorada-de-assessor","status":"publish","type":"post","link":"https:\/\/blogs.correiobraziliense.com.br\/vicente\/weintraub-da-presente-muito-bem-remunerado-para-a-namorada-de-assessor\/","title":{"rendered":"Weintraub d\u00e1 presente muito bem remunerado para a namorada de assessor"},"content":{"rendered":"<h2>O ministro da Educa\u00e7\u00e3o, Abraham Weintraub, \u00e9 not\u00f3rio pela falta de modos e o linguajar grotesco, mas ele sabe premiar muito bem os amigos.<\/h2>\n<p>&nbsp;<\/p>\n<p>Nos \u00faltimos dias, presenteou a namorada de um de seus assessores com um gordo contracheque. A felizarda foi nomeada para um cargo estrat\u00e9gico no Fundo Nacional de Desenvolvimento da Educa\u00e7\u00e3o (FNDE). Vai ganhar mais de R$ 10 mil por m\u00eas.<\/p>\n<p>&nbsp;<\/p>\n<p>Mesmo n\u00e3o tendo as credenciais necess\u00e1rias para o cargo, a namorada do assessor de Weintraub substituiu uma servidora de carreira, que n\u00e3o tinha uma caracter\u00edstica importante para o ministro: a subservi\u00eancia.<\/p>\n<p>&nbsp;<\/p>\n<p><strong>Hipocrisia<\/strong><\/p>\n<p>&nbsp;<\/p>\n<p>Weintraub, dizem t\u00e9cnicos do minist\u00e9rio, se apresenta como guardi\u00e3o da \u00e9tica, mas n\u00e3o se furta de usar a m\u00e1quina p\u00fablica em proveito pr\u00f3prio.<\/p>\n<p>&nbsp;<\/p>\n<p>Tanto que usou\u00a0usou dois assessores especiais de sua pasta como advogados pessoais para atuar em causas de interesses privados. Auro Hadano Tanaka e Victor Sarfatis Metta ganham, cada um, R$ 13,6 mil mensais.<\/p>\n<p>&nbsp;<\/p>\n<p>Para Weintraub, por\u00e9m, esse tipo de comportamento, quando \u00e9 de seu interesse, n\u00e3o fere a \u00e9tica. Muito menos agraciar um casal de pombinhos que s\u00f3 diz am\u00e9m a ele.<\/p>\n<p>&nbsp;<\/p>\n<p><em>Bras\u00edlia,19h50min<\/em><\/p>\n","protected":false},"excerpt":{"rendered":"<p>O ministro da Educa\u00e7\u00e3o, Abraham Weintraub, \u00e9 not\u00f3rio pela falta de modos e o linguajar grotesco, mas ele sabe premiar muito bem os amigos. &nbsp; Nos \u00faltimos dias, presenteou a namorada de um de seus assessores com um gordo contracheque. A felizarda foi nomeada para um cargo estrat\u00e9gico no Fundo Nacional de Desenvolvimento da Educa\u00e7\u00e3o [&hellip;]<\/p>\n","protected":false},"author":22,"featured_media":11076,"comment_status":"open","ping_status":"closed","sticky":false,"template":"","format":"standard","meta":{"footnotes":""},"categories":[600],"tags":[4639,2238,4640,914,4641,3032,4333],"class_list":["post-14176","post","type-post","status-publish","format-standard","has-post-thumbnail","hentry","category-economia","tag-assessor","tag-educacao","tag-fnde","tag-ministro","tag-namorada","tag-nomeacao","tag-weintraub"],"_links":{"self":[{"href":"https:\/\/blogs.correiobraziliense.com.br\/vicente\/wp-json\/wp\/v2\/posts\/14176","targetHints":{"allow":["GET"]}}],"collection":[{"href":"https:\/\/blogs.correiobraziliense.com.br\/vicente\/wp-json\/wp\/v2\/posts"}],"about":[{"href":"https:\/\/blogs.correiobraziliense.com.br\/vicente\/wp-json\/wp\/v2\/types\/post"}],"author":[{"embeddable":true,"href":"https:\/\/blogs.correiobraziliense.com.br\/vicente\/wp-json\/wp\/v2\/users\/22"}],"replies":[{"embeddable":true,"href":"https:\/\/blogs.correiobraziliense.com.br\/vicente\/wp-json\/wp\/v2\/comments?post=14176"}],"version-history":[{"count":0,"href":"https:\/\/blogs.correiobraziliense.com.br\/vicente\/wp-json\/wp\/v2\/posts\/14176\/revisions"}],"wp:featuredmedia":[{"embeddable":true,"href":"https:\/\/blogs.correiobraziliense.com.br\/vicente\/wp-json\/wp\/v2\/media\/11076"}],"wp:attachment":[{"href":"https:\/\/blogs.correiobraziliense.com.br\/vicente\/wp-json\/wp\/v2\/media?parent=14176"}],"wp:term":[{"taxonomy":"category","embeddable":true,"href":"https:\/\/blogs.correiobraziliense.com.br\/vicente\/wp-json\/wp\/v2\/categories?post=14176"},{"taxonomy":"post_tag","embeddable":true,"href":"https:\/\/blogs.correiobraziliense.com.br\/vicente\/wp-json\/wp\/v2\/tags?post=14176"}],"curies":[{"name":"wp","href":"https:\/\/api.w.org\/{rel}","templated":true}]}}