{"id":14152,"date":"2020-05-19T22:01:27","date_gmt":"2020-05-20T01:01:27","guid":{"rendered":"https:\/\/blogs.correiobraziliense.com.br\/vicente\/?p=14152"},"modified":"2020-05-19T22:01:27","modified_gmt":"2020-05-20T01:01:27","slug":"brasileiro-espera-viver-mais-mas-quer-parar-de-trabalhar-antes","status":"publish","type":"post","link":"https:\/\/blogs.correiobraziliense.com.br\/vicente\/brasileiro-espera-viver-mais-mas-quer-parar-de-trabalhar-antes\/","title":{"rendered":"Brasileiro espera viver mais, mas quer parar de trabalhar antes"},"content":{"rendered":"<h2>Pesquisa de Preparo para a Aposentadoria, realizada no Brasil pelo Instituto de Longevidade Mongeral Aegon, mostra que o brasileiro espera, em m\u00e9dia, se aposentar de todas as suas atividades remuneradas aos 60 anos. Ao mesmo tempo, quer usufruir da aposentadoria por pelo menos 25 anos.<\/h2>\n<p>&nbsp;<\/p>\n<p>Quando comparada aos outros 14 pa\u00edses analisados pela pesquisa, o Brasil \u00e9 o terceiro com a menor idade quando se trata de perspectiva para a aposentadoria, atr\u00e1s de Turquia e China, ambos com m\u00e9dia de 58 anos. A m\u00e9dia global \u00e9 de 65 anos.<\/p>\n<p>&nbsp;<\/p>\n<p>\u201cO que nos chama muita a aten\u00e7\u00e3o \u00e9 que, al\u00e9m de desejar parar antes da m\u00e9dia global de idade, o brasileiro ainda projeta a sobrevida m\u00e9dia de 25 anos ap\u00f3s a sua aposentadoria, a maior entre os pa\u00edses pesquisados, ao lado da China&#8221;, diz o diretor de Pesquisa do Instituto de Longevidade Mongeral Aegon, Leandro Palmeira.<\/p>\n<p>&nbsp;<\/p>\n<p>No entender dele, quando se olha o quadro globalmente, verifica-se que a mediana da sobrevida \u00e9 de 20 anos. &#8220;Isso revela o quanto o esfor\u00e7o do brasileiro em poupar para o futuro deve ser ainda maior\u201d, ressalta Palmeira.<\/p>\n<p>&nbsp;<\/p>\n<p><em>Bras\u00edlia, 22h01min<\/em><\/p>\n","protected":false},"excerpt":{"rendered":"<p>Pesquisa de Preparo para a Aposentadoria, realizada no Brasil pelo Instituto de Longevidade Mongeral Aegon, mostra que o brasileiro espera, em m\u00e9dia, se aposentar de todas as suas atividades remuneradas aos 60 anos. Ao mesmo tempo, quer usufruir da aposentadoria por pelo menos 25 anos. &nbsp; Quando comparada aos outros 14 pa\u00edses analisados pela pesquisa, [&hellip;]<\/p>\n","protected":false},"author":22,"featured_media":11173,"comment_status":"open","ping_status":"closed","sticky":false,"template":"","format":"standard","meta":{"footnotes":""},"categories":[600],"tags":[430,4629,4630,465],"class_list":["post-14152","post","type-post","status-publish","format-standard","has-post-thumbnail","hentry","category-economia","tag-aposentadoria","tag-brasileiro","tag-mongeral","tag-pesquisa"],"_links":{"self":[{"href":"https:\/\/blogs.correiobraziliense.com.br\/vicente\/wp-json\/wp\/v2\/posts\/14152","targetHints":{"allow":["GET"]}}],"collection":[{"href":"https:\/\/blogs.correiobraziliense.com.br\/vicente\/wp-json\/wp\/v2\/posts"}],"about":[{"href":"https:\/\/blogs.correiobraziliense.com.br\/vicente\/wp-json\/wp\/v2\/types\/post"}],"author":[{"embeddable":true,"href":"https:\/\/blogs.correiobraziliense.com.br\/vicente\/wp-json\/wp\/v2\/users\/22"}],"replies":[{"embeddable":true,"href":"https:\/\/blogs.correiobraziliense.com.br\/vicente\/wp-json\/wp\/v2\/comments?post=14152"}],"version-history":[{"count":0,"href":"https:\/\/blogs.correiobraziliense.com.br\/vicente\/wp-json\/wp\/v2\/posts\/14152\/revisions"}],"wp:featuredmedia":[{"embeddable":true,"href":"https:\/\/blogs.correiobraziliense.com.br\/vicente\/wp-json\/wp\/v2\/media\/11173"}],"wp:attachment":[{"href":"https:\/\/blogs.correiobraziliense.com.br\/vicente\/wp-json\/wp\/v2\/media?parent=14152"}],"wp:term":[{"taxonomy":"category","embeddable":true,"href":"https:\/\/blogs.correiobraziliense.com.br\/vicente\/wp-json\/wp\/v2\/categories?post=14152"},{"taxonomy":"post_tag","embeddable":true,"href":"https:\/\/blogs.correiobraziliense.com.br\/vicente\/wp-json\/wp\/v2\/tags?post=14152"}],"curies":[{"name":"wp","href":"https:\/\/api.w.org\/{rel}","templated":true}]}}