{"id":14143,"date":"2020-05-17T18:15:21","date_gmt":"2020-05-17T21:15:21","guid":{"rendered":"https:\/\/blogs.correiobraziliense.com.br\/vicente\/?p=14143"},"modified":"2020-05-17T18:15:21","modified_gmt":"2020-05-17T21:15:21","slug":"pf-abre-inquerito-para-apurar-vazamento-de-investigacao-sobre-queiroz","status":"publish","type":"post","link":"https:\/\/blogs.correiobraziliense.com.br\/vicente\/pf-abre-inquerito-para-apurar-vazamento-de-investigacao-sobre-queiroz\/","title":{"rendered":"PF abre inqu\u00e9rito para apurar vazamento de investiga\u00e7\u00e3o sobre Queiroz"},"content":{"rendered":"<h2>A Pol\u00edcia Federal abriu inqu\u00e9rito para apurar o vazamento de informa\u00e7\u00f5es sobre as investiga\u00e7\u00f5es envolvendo Fabr\u00edcio Queiroz, ex-assessor do senador Fl\u00e1vio Bolsonaro. Queiroz comandaria um esquema de rachadinha de sal\u00e1rios de servidores no gabinete do ent\u00e3o deputado estadual da Assembleia do Rio de Janeiro.<\/h2>\n<p>&nbsp;<\/p>\n<p>A decis\u00e3o de abrir o inqu\u00e9rito est\u00e1 baseada em informa\u00e7\u00f5es do empres\u00e1rios Paulo Marinho, suplente de Fl\u00e1vio Bolsonaro, dadas \u00e0 <em>Folha de S\u00e3o Paulo<\/em>. Ele disse que um policial federal avisou Fl\u00e1vio antecipadamente que a PF detonaria uma opera\u00e7\u00e3o para pegar Queiroz. Esse mesmo policial teria dito que a opera\u00e7\u00e3o foi atrasada em alguns dias para n\u00e3o interferir no segundo turno das elei\u00e7\u00f5es presidenciais, ou seja, n\u00e3o atrapalhar o ent\u00e3o candidato Jair Bolsonaro.<\/p>\n<p>&nbsp;<\/p>\n<p>Em nota, a Pol\u00edcia Federal diz que a suspeita de vazamento de informa\u00e7\u00f5es sobre a opera\u00e7\u00e3o &#8220;Furna da On\u00e7a&#8221; j\u00e1 foi investigada e relatada. Mas, diante dos atuais fatos, um novo inqu\u00e9rito \u00e9 necess\u00e1rio.<\/p>\n<p>&nbsp;<\/p>\n<p>A PF reconhece, na mesma nota, que houve oito dias de demora para colocar a opera\u00e7\u00e3o nas ruas.\u00a0A &#8220;Furna da On\u00e7a&#8221; foi deflagrada no Rio de Janeiro em 8 novembro de 2018, mas os respectivos mandados judiciais haviam sido expedidos pelo Tribunal Regional Federal da 2\u00b0 Regi\u00e3o, por representa\u00e7\u00e3o do Minist\u00e9rio P\u00fablico Federal, em 31 de outubro de 2018.<\/p>\n<p>&nbsp;<\/p>\n<p>Veja a \u00edntegra da nota da Pol\u00edcia Federal<\/p>\n<p>&nbsp;<\/p>\n<p><em>&#8220;A Pol\u00edcia Federal esclarece, em rela\u00e7\u00e3o \u00e0 mat\u00e9ria &#8220;PF antecipou a Fl\u00e1vio Bolsonaro que Queiroz seria alvo de opera\u00e7\u00e3o&#8221;, na edi\u00e7\u00e3o on-line da Folha de SP, na data de ontem (16\/5), o que segue:<\/em><\/p>\n<p><em>A Pol\u00edcia Federal se notabilizou por sua atua\u00e7\u00e3o firme, isenta e imparcial no combate \u00e0 criminalidade, dentro de suas atribui\u00e7\u00f5es legais e constitucionais.<\/em><\/p>\n<p><em>A mat\u00e9ria jornal\u00edstica em quest\u00e3o aponta a eventual atua\u00e7\u00e3o em fatos irregulares, de pessoa alegadamente identificada como policial federal, no bojo da denominada opera\u00e7\u00e3o &#8220;Furna da On\u00e7a&#8221;.<\/em><\/p>\n<p><em>A referida opera\u00e7\u00e3o policial foi deflagrada no Rio de Janeiro em 08\/11\/2018, tendo os respectivos mandados judiciais sido expedidos pelo Tribunal Regional Federal da 2\u00b0 Regi\u00e3o, por representa\u00e7\u00e3o do Minist\u00e9rio P\u00fablico Federal, em 31\/10\/2018, portanto, poucos dias \u00fateis antes da sua deflagra\u00e7\u00e3o.<\/em><\/p>\n<p><em>Esclarece-se, ainda, que not\u00edcia anterior, sobre suposto vazamento de informa\u00e7\u00f5es na opera\u00e7\u00e3o &#8220;Furna da On\u00e7a&#8221;, foi regularmente investigada pela PF atrav\u00e9s do Inqu\u00e9rito Policial n\u00b0 01\/2019, que encontra-se relatado.<\/em><\/p>\n<p><em>Todas as not\u00edcias de eventual desvio de conduta devem ser apuradas e, nesse sentido, foi determinada, na data de hoje, a instaura\u00e7\u00e3o de novo procedimento espec\u00edfico para a apura\u00e7\u00e3o dos fatos apontados.&#8221;<\/em><\/p>\n<p>&nbsp;<\/p>\n<p><em>Bras\u00edlia, 18h15min<\/em><\/p>\n","protected":false},"excerpt":{"rendered":"<p>A Pol\u00edcia Federal abriu inqu\u00e9rito para apurar o vazamento de informa\u00e7\u00f5es sobre as investiga\u00e7\u00f5es envolvendo Fabr\u00edcio Queiroz, ex-assessor do senador Fl\u00e1vio Bolsonaro. Queiroz comandaria um esquema de rachadinha de sal\u00e1rios de servidores no gabinete do ent\u00e3o deputado estadual da Assembleia do Rio de Janeiro. &nbsp; A decis\u00e3o de abrir o inqu\u00e9rito est\u00e1 baseada em informa\u00e7\u00f5es [&hellip;]<\/p>\n","protected":false},"author":22,"featured_media":9785,"comment_status":"open","ping_status":"closed","sticky":false,"template":"","format":"standard","meta":{"footnotes":""},"categories":[600],"tags":[3910,2906,4626,271,126,3677],"class_list":["post-14143","post","type-post","status-publish","format-standard","has-post-thumbnail","hentry","category-economia","tag-flavio-bolsonaro","tag-investigacoes","tag-paulo-marinho","tag-pf","tag-policia-federal","tag-queiroz"],"_links":{"self":[{"href":"https:\/\/blogs.correiobraziliense.com.br\/vicente\/wp-json\/wp\/v2\/posts\/14143","targetHints":{"allow":["GET"]}}],"collection":[{"href":"https:\/\/blogs.correiobraziliense.com.br\/vicente\/wp-json\/wp\/v2\/posts"}],"about":[{"href":"https:\/\/blogs.correiobraziliense.com.br\/vicente\/wp-json\/wp\/v2\/types\/post"}],"author":[{"embeddable":true,"href":"https:\/\/blogs.correiobraziliense.com.br\/vicente\/wp-json\/wp\/v2\/users\/22"}],"replies":[{"embeddable":true,"href":"https:\/\/blogs.correiobraziliense.com.br\/vicente\/wp-json\/wp\/v2\/comments?post=14143"}],"version-history":[{"count":0,"href":"https:\/\/blogs.correiobraziliense.com.br\/vicente\/wp-json\/wp\/v2\/posts\/14143\/revisions"}],"wp:featuredmedia":[{"embeddable":true,"href":"https:\/\/blogs.correiobraziliense.com.br\/vicente\/wp-json\/wp\/v2\/media\/9785"}],"wp:attachment":[{"href":"https:\/\/blogs.correiobraziliense.com.br\/vicente\/wp-json\/wp\/v2\/media?parent=14143"}],"wp:term":[{"taxonomy":"category","embeddable":true,"href":"https:\/\/blogs.correiobraziliense.com.br\/vicente\/wp-json\/wp\/v2\/categories?post=14143"},{"taxonomy":"post_tag","embeddable":true,"href":"https:\/\/blogs.correiobraziliense.com.br\/vicente\/wp-json\/wp\/v2\/tags?post=14143"}],"curies":[{"name":"wp","href":"https:\/\/api.w.org\/{rel}","templated":true}]}}