{"id":14136,"date":"2020-05-15T16:40:59","date_gmt":"2020-05-15T19:40:59","guid":{"rendered":"https:\/\/blogs.correiobraziliense.com.br\/vicente\/?p=14136"},"modified":"2020-05-15T16:40:59","modified_gmt":"2020-05-15T19:40:59","slug":"para-monica-de-bolle-teich-nao-tinha-mais-condicao-de-ficar-no-cargo","status":"publish","type":"post","link":"https:\/\/blogs.correiobraziliense.com.br\/vicente\/para-monica-de-bolle-teich-nao-tinha-mais-condicao-de-ficar-no-cargo\/","title":{"rendered":"Para Monica de Bolle, Teich n\u00e3o tinha mais condi\u00e7\u00e3o de ficar no cargo"},"content":{"rendered":"<p>ROSANA HESSEL<\/p>\n<p>&nbsp;<\/p>\n<p>Ao avaliar a ren\u00fancia do ministro da Sa\u00fade, Nelson Teich, nesta sexta-feira (15\/05), a economista Monica de Bolle, pesquisadora s\u00eanior do Peterson Institute for International Economics (PIIE), disse que n\u00e3o ficou surpresa com a sa\u00edda de Teich em menos de um m\u00eas no cargo. \u201cIsso era absolutamente esperado. Ele n\u00e3o tinha mais condi\u00e7\u00e3o de ficar no cargo, porque tinha sido desautorizado mais de uma vez pelo presidente Jair Bolsonaro\u201d, destacou ela, em entrevista ao <strong>Blog<\/strong>.<\/p>\n<p>&nbsp;<\/p>\n<p>A economista demonstrou preocupa\u00e7\u00e3o com o agravamento da crise no Brasil com a insist\u00eancia de o presidente querer abrir logo a economia em vez de recomendar o isolamento social enquanto a pandemia n\u00e3o \u00e9 controlada no pa\u00eds e a cura ainda deve demorar para ser encontrada. \u201cA verdade \u00e9 que o problema vai piorar no mundo todo. E, no Brasil, onde a situa\u00e7\u00e3o est\u00e1 fora de controle, vair ser o caos\u201d, alertou.<\/p>\n<p>&nbsp;<\/p>\n<p>A pandemia j\u00e1 matou mais 300 mil pessoas no mundo e, no Brasil, o n\u00famero de v\u00edtimas fatais chegou a 14,4 mil.<\/p>\n<p>&nbsp;<\/p>\n<p><strong>Vacina dif\u00edcil<\/strong><\/p>\n<p>&nbsp;<\/p>\n<p>Monica de Bolle contou que existe um consenso que est\u00e1 se formando entre cientistas sobre a dificuldade para encontrar uma vacina contra a covid-19, porque o novo coronav\u00edrus tem apresentado caracter\u00edsticas muito parecidas com as do HIV, o v\u00edrus da Aids, de acordo com especialistas que participam das discuss\u00f5es que ocorrem pelo mundo. Essa constata\u00e7\u00e3o tem preocupado bastante a comunidade cient\u00edfica.<\/p>\n<p>&nbsp;<\/p>\n<p>Assim como o HIV, o Sars-Cov-2 pode n\u00e3o ter uma vacina, porque o v\u00edrus ataca o sistema imunol\u00f3gico dos pacientes. No caso do novo coronav\u00edrus, ele desenvolve um quadro de pneumonia inflamat\u00f3ria na v\u00edtima que impede uma aplica\u00e7\u00e3o de vacina, com risco de agravar o quadro cl\u00ednico. E essa \u00e9 a grande dificuldade para os laborat\u00f3rios quando tentam encontrar uma cura, como ocorre no caso da Aids.<\/p>\n<p>&nbsp;<\/p>\n<p>Em uma discuss\u00e3o recente entre grandes laborat\u00f3rios globais e especialistas em vacina ficou claro que a cura ser\u00e1 dif\u00edcil de ser encontrada, de acordo com\u00a0a economista. Ela\u00a0tem participado de teleconfer\u00eancias internacionais sobre a pandemia que est\u00e1 colocando o mundo em uma recess\u00e3o profunda.<\/p>\n<p>&nbsp;<\/p>\n<p>Segundo a especialista, pesquisas que est\u00e3o sendo publicadas nessa corrida para achar a vacina contra a covid-19 merecem ser vistas com cautela.\u00a0 \u201cTem um problema s\u00e9rio de relat\u00f3rios que est\u00e3o saindo sem comprova\u00e7\u00e3o cient\u00edfica e que n\u00e3o est\u00e3o respeitando os protocolos corretos\u201d, afirmou Monica. Para ela, a cura ainda vai demorar para ser encontrada.<\/p>\n<p>Um exemplo de informa\u00e7\u00f5es desencontradas, segundo a professora da Universidade Johns Hopkins, \u00e9\u00a0o da empresa de biotecnologia Sorrento, que animou o mercado e fez as a\u00e7\u00f5es da empresa dispararem quase 140% ap\u00f3s o pequeno laborat\u00f3rio informar que teria encontrado a cura para a covid-19.\u00a0\u201cN\u00e3o tem nada. A comunidade cient\u00edfica ainda est\u00e1 tentando entender o v\u00edrus\u201d, frisou.<\/p>\n<p>&nbsp;<\/p>\n","protected":false},"excerpt":{"rendered":"<p>ROSANA HESSEL &nbsp; Ao avaliar a ren\u00fancia do ministro da Sa\u00fade, Nelson Teich, nesta sexta-feira (15\/05), a economista Monica de Bolle, pesquisadora s\u00eanior do Peterson Institute for International Economics (PIIE), disse que n\u00e3o ficou surpresa com a sa\u00edda de Teich em menos de um m\u00eas no cargo. \u201cIsso era absolutamente esperado. Ele n\u00e3o tinha mais [&hellip;]<\/p>\n","protected":false},"author":22,"featured_media":0,"comment_status":"open","ping_status":"closed","sticky":false,"template":"","format":"standard","meta":{"footnotes":""},"categories":[600],"tags":[2554,4505,901,31,3717],"class_list":["post-14136","post","type-post","status-publish","format-standard","hentry","category-economia","tag-bolsonaro","tag-covid-19","tag-monica-de-bolle","tag-recessao","tag-vacina"],"_links":{"self":[{"href":"https:\/\/blogs.correiobraziliense.com.br\/vicente\/wp-json\/wp\/v2\/posts\/14136","targetHints":{"allow":["GET"]}}],"collection":[{"href":"https:\/\/blogs.correiobraziliense.com.br\/vicente\/wp-json\/wp\/v2\/posts"}],"about":[{"href":"https:\/\/blogs.correiobraziliense.com.br\/vicente\/wp-json\/wp\/v2\/types\/post"}],"author":[{"embeddable":true,"href":"https:\/\/blogs.correiobraziliense.com.br\/vicente\/wp-json\/wp\/v2\/users\/22"}],"replies":[{"embeddable":true,"href":"https:\/\/blogs.correiobraziliense.com.br\/vicente\/wp-json\/wp\/v2\/comments?post=14136"}],"version-history":[{"count":0,"href":"https:\/\/blogs.correiobraziliense.com.br\/vicente\/wp-json\/wp\/v2\/posts\/14136\/revisions"}],"wp:attachment":[{"href":"https:\/\/blogs.correiobraziliense.com.br\/vicente\/wp-json\/wp\/v2\/media?parent=14136"}],"wp:term":[{"taxonomy":"category","embeddable":true,"href":"https:\/\/blogs.correiobraziliense.com.br\/vicente\/wp-json\/wp\/v2\/categories?post=14136"},{"taxonomy":"post_tag","embeddable":true,"href":"https:\/\/blogs.correiobraziliense.com.br\/vicente\/wp-json\/wp\/v2\/tags?post=14136"}],"curies":[{"name":"wp","href":"https:\/\/api.w.org\/{rel}","templated":true}]}}