{"id":14132,"date":"2020-05-15T12:15:49","date_gmt":"2020-05-15T15:15:49","guid":{"rendered":"https:\/\/blogs.correiobraziliense.com.br\/vicente\/?p=14132"},"modified":"2020-05-15T12:15:49","modified_gmt":"2020-05-15T15:15:49","slug":"com-demissao-de-teich-bolsonaro-assume-o-ministerio-da-saude","status":"publish","type":"post","link":"https:\/\/blogs.correiobraziliense.com.br\/vicente\/com-demissao-de-teich-bolsonaro-assume-o-ministerio-da-saude\/","title":{"rendered":"Com demiss\u00e3o de Teich, Bolsonaro assume o Minist\u00e9rio da Sa\u00fade"},"content":{"rendered":"<h2>Com o pedido de demiss\u00e3o de Nelson Teich, que n\u00e3o aceitou mudar os protocolos de uso da cloroquina para combater o novo coronav\u00edrus, efetivamente, \u00e9 o presidente Jair Bolsonaro quem comandar\u00e1 o Minist\u00e9rio da Sa\u00fade. Agora, todas as suas loucuras ser\u00e3o acatadas sem qualquer questionamento, seja quem for o nomeado.<\/h2>\n<p>&nbsp;<\/p>\n<p>Em menos de um m\u00eas, dois ministros ca\u00edram da Sa\u00fade por n\u00e3o concordarem com as imposi\u00e7\u00f5es de Bolsonaro, que n\u00e3o acredita na gravidade da covid-19 e quer acabar com o isolamento social, apesar de saber que o sistema de sa\u00fade do pa\u00eds n\u00e3o suportar\u00e1 o aumento de casos de contamina\u00e7\u00e3o pelo novo coronav\u00edrus.<\/p>\n<p>&nbsp;<\/p>\n<p>Bolsonaro est\u00e1 imbu\u00eddo da miss\u00e3o de for\u00e7ar governadores e prefeitos a retomarem todas as atividades econ\u00f4mica. Teich chegou a apresentar ao presidente um projeto de reabertura gradual da economia, sempre seguindo o que diz a ci\u00eancia. O agora ex-ministro chegou a falar da necessidade de lockdown em determinadas regi\u00f5es.<\/p>\n<p>&nbsp;<\/p>\n<p>O presidente se recusou a aceitar as propostas de Teich, que vinha sendo humilhado publicamente. Chegou-se ao ponto de ele ser informado por rep\u00f3rteres, em uma coletiva, que Bolsonaro havia baixado decreto que colocava academias, sal\u00f5es de beleza e barbearias na lista de servi\u00e7os essenciais.<\/p>\n<p>&nbsp;<\/p>\n<p><strong>General como sucessor<\/strong><\/p>\n<p>&nbsp;<\/p>\n<p>Tudo indica que o futuro ministro da Sa\u00fade ser\u00e1 o general Eduardo Pazuello, hoje secret\u00e1rio executivo da pasta. Tamb\u00e9m voltaram na lista de apostas os nomes dos deputados Osmar Terra, que assina embaixo de todos os argumentos de Bolsonaro, e a m\u00e9dica\u00a0Nise Yamaguchi, que tamb\u00e9m comunga dos pensamentos do presidente.<\/p>\n<p>&nbsp;<\/p>\n<p>Enfim, Bolsonaro, ao for\u00e7ar a demiss\u00e3o de Teich, mostrou que n\u00e3o est\u00e1 nem um pouco preocupado com a sa\u00fade dos brasileiros. A queda do ministro da Sa\u00fade acontece num momento cr\u00edtico, em que os casos de contamina\u00e7\u00e3o e de mortes pelo novo coronav\u00edrus batem recordes diariamente.<\/p>\n<p>&nbsp;<\/p>\n<p>J\u00e1 s\u00e3o mais de 202 mil contaminados e quase 14 mil mortes. Para o presidente, no entanto, isso \u00e9 nada quando o que est\u00e1 em jogo \u00e9 seu mandato, pois ele est\u00e1 certo de que, com a economia afundando, ser\u00e1 apeado do poder.<\/p>\n<p>&nbsp;<\/p>\n<p><em>Bras\u00edlia, 12h15min<\/em><\/p>\n","protected":false},"excerpt":{"rendered":"<p>Com o pedido de demiss\u00e3o de Nelson Teich, que n\u00e3o aceitou mudar os protocolos de uso da cloroquina para combater o novo coronav\u00edrus, efetivamente, \u00e9 o presidente Jair Bolsonaro quem comandar\u00e1 o Minist\u00e9rio da Sa\u00fade. Agora, todas as suas loucuras ser\u00e3o acatadas sem qualquer questionamento, seja quem for o nomeado. &nbsp; Em menos de um [&hellip;]<\/p>\n","protected":false},"author":22,"featured_media":13808,"comment_status":"open","ping_status":"closed","sticky":false,"template":"","format":"standard","meta":{"footnotes":""},"categories":[600],"tags":[2554,4622,4419,4505,22,1915,4623],"class_list":["post-14132","post","type-post","status-publish","format-standard","has-post-thumbnail","hentry","category-economia","tag-bolsonaro","tag-cloroquina","tag-coronavirus","tag-covid-19","tag-demissao","tag-ministerio-da-saude","tag-nelson-teich"],"_links":{"self":[{"href":"https:\/\/blogs.correiobraziliense.com.br\/vicente\/wp-json\/wp\/v2\/posts\/14132","targetHints":{"allow":["GET"]}}],"collection":[{"href":"https:\/\/blogs.correiobraziliense.com.br\/vicente\/wp-json\/wp\/v2\/posts"}],"about":[{"href":"https:\/\/blogs.correiobraziliense.com.br\/vicente\/wp-json\/wp\/v2\/types\/post"}],"author":[{"embeddable":true,"href":"https:\/\/blogs.correiobraziliense.com.br\/vicente\/wp-json\/wp\/v2\/users\/22"}],"replies":[{"embeddable":true,"href":"https:\/\/blogs.correiobraziliense.com.br\/vicente\/wp-json\/wp\/v2\/comments?post=14132"}],"version-history":[{"count":0,"href":"https:\/\/blogs.correiobraziliense.com.br\/vicente\/wp-json\/wp\/v2\/posts\/14132\/revisions"}],"wp:featuredmedia":[{"embeddable":true,"href":"https:\/\/blogs.correiobraziliense.com.br\/vicente\/wp-json\/wp\/v2\/media\/13808"}],"wp:attachment":[{"href":"https:\/\/blogs.correiobraziliense.com.br\/vicente\/wp-json\/wp\/v2\/media?parent=14132"}],"wp:term":[{"taxonomy":"category","embeddable":true,"href":"https:\/\/blogs.correiobraziliense.com.br\/vicente\/wp-json\/wp\/v2\/categories?post=14132"},{"taxonomy":"post_tag","embeddable":true,"href":"https:\/\/blogs.correiobraziliense.com.br\/vicente\/wp-json\/wp\/v2\/tags?post=14132"}],"curies":[{"name":"wp","href":"https:\/\/api.w.org\/{rel}","templated":true}]}}