{"id":14128,"date":"2020-05-14T16:32:56","date_gmt":"2020-05-14T19:32:56","guid":{"rendered":"https:\/\/blogs.correiobraziliense.com.br\/vicente\/?p=14128"},"modified":"2020-05-14T16:32:56","modified_gmt":"2020-05-14T19:32:56","slug":"otimismo-de-paulo-guedes-destoa-da-realidade-no-meio-da-crise","status":"publish","type":"post","link":"https:\/\/blogs.correiobraziliense.com.br\/vicente\/otimismo-de-paulo-guedes-destoa-da-realidade-no-meio-da-crise\/","title":{"rendered":"Otimismo de Paulo Guedes destoa da realidade no meio da crise"},"content":{"rendered":"<p>ROSANA HESSEL<\/p>\n<p>&nbsp;<\/p>\n<p>Est\u00e1 ficando constrangedor para interlocutores do ministro da Economia, Paulo Guedes, ouvir o otimismo que s\u00f3 ele tem sobre recupera\u00e7\u00e3o da economia p\u00f3s-pandemia da covid-19. Nesta quinta-feira (14\/05), o ministro insistiu em falar que a curva de retomada da atividade ser\u00e1 em V indicando um crescimento robusto do Produto Interno Bruto (PIB), na reuni\u00e3o de empres\u00e1rios que ele participou com o presidente Jair Bolsonaro por meio de uma teleconfer\u00eancia, minimizando o impacto da recess\u00e3o global que est\u00e1 se formando com o coronav\u00edrus.<\/p>\n<p>&nbsp;<\/p>\n<p>&#8220;A reuni\u00e3o foi constrangedora. Me assustou na hora em que Paulo Guedes falou que a recupera\u00e7\u00e3o da economia p\u00f3s-coronav\u00edrus poder\u00e1 ser em V quando n\u00e3o temos nem certeza de quando a crise vai acabar e muito menos quando o pa\u00eds vai come\u00e7ar a se recuperar&#8221;, lamentou um empres\u00e1rio que participou do encontro e contou ao <strong>Blog<\/strong>\u00a0a sua impress\u00e3o da teleconfer\u00eancia.&#8221;\u00c9 muito leviano, para um economista, falar em recupera\u00e7\u00e3o em V na atual conjuntura&#8221;, emendou. O evento foi t\u00e3o surreal que teve at\u00e9 um participante pelad\u00e3o.<\/p>\n<p>&nbsp;<\/p>\n<p>&nbsp;<\/p>\n<p>Ali\u00e1s, nem mesmo t\u00e9cnicos s\u00e9rios da pasta comandada por Guedes admitem essa possibilidade dada a incerteza sobre o fim da crise. Alguns n\u00e3o descartam a possibilidade de o PIB deste ano desabar de 8% a 10%, apesar de a nova previs\u00e3o do Minist\u00e9rio da Economia ser de retra\u00e7\u00e3o de 4,7%.<\/p>\n<p>&nbsp;<\/p>\n<p>Na videoconfer\u00eancia organizada pela Federa\u00e7\u00e3o das Ind\u00fastrias de S\u00e3o Paulo (Fiesp), conselheiros ficaram constrangidos com a falta de conex\u00e3o com a realidade do presidente, que insistiu em colocar a culpa nos governadores da crise, e at\u00e9 do mediador do encontro, o presidente da Fiesp, Paulo Skaf, que n\u00e3o perdeu a oportunidade para elogiar Bolsonaro por defender o afrouxamento das medidas de isolamento social. &#8220;Esse momento tamb\u00e9m foi constrangedor, porque muitos ficaram calados&#8221;, lamentou o empres\u00e1rio.<\/p>\n<p>&nbsp;<\/p>\n<p>Conforme os \u00faltimos dados oficiais, mais de 13 mil pessoas morreram no pa\u00eds v\u00edtimas da covid-19 e, pelas estimativas do Institute for Health Metrics and Evaluation (IHME), centro de pesquisa dentro da faculdade de Medicina da Universidade de Washington, ligado \u00e0 Casa Branca, projeta que o pa\u00eds poder\u00e1 registrar 90 mil mortes.<\/p>\n<p>&nbsp;<\/p>\n<p>&nbsp;<\/p>\n<p>&nbsp;<\/p>\n<p>&nbsp;<\/p>\n","protected":false},"excerpt":{"rendered":"<p>ROSANA HESSEL &nbsp; Est\u00e1 ficando constrangedor para interlocutores do ministro da Economia, Paulo Guedes, ouvir o otimismo que s\u00f3 ele tem sobre recupera\u00e7\u00e3o da economia p\u00f3s-pandemia da covid-19. Nesta quinta-feira (14\/05), o ministro insistiu em falar que a curva de retomada da atividade ser\u00e1 em V indicando um crescimento robusto do Produto Interno Bruto (PIB), [&hellip;]<\/p>\n","protected":false},"author":22,"featured_media":0,"comment_status":"open","ping_status":"closed","sticky":false,"template":"","format":"standard","meta":{"footnotes":""},"categories":[600],"tags":[2554,4314,3613,58],"class_list":["post-14128","post","type-post","status-publish","format-standard","hentry","category-economia","tag-bolsonaro","tag-fiesp","tag-paulo-guedes","tag-pib"],"_links":{"self":[{"href":"https:\/\/blogs.correiobraziliense.com.br\/vicente\/wp-json\/wp\/v2\/posts\/14128","targetHints":{"allow":["GET"]}}],"collection":[{"href":"https:\/\/blogs.correiobraziliense.com.br\/vicente\/wp-json\/wp\/v2\/posts"}],"about":[{"href":"https:\/\/blogs.correiobraziliense.com.br\/vicente\/wp-json\/wp\/v2\/types\/post"}],"author":[{"embeddable":true,"href":"https:\/\/blogs.correiobraziliense.com.br\/vicente\/wp-json\/wp\/v2\/users\/22"}],"replies":[{"embeddable":true,"href":"https:\/\/blogs.correiobraziliense.com.br\/vicente\/wp-json\/wp\/v2\/comments?post=14128"}],"version-history":[{"count":0,"href":"https:\/\/blogs.correiobraziliense.com.br\/vicente\/wp-json\/wp\/v2\/posts\/14128\/revisions"}],"wp:attachment":[{"href":"https:\/\/blogs.correiobraziliense.com.br\/vicente\/wp-json\/wp\/v2\/media?parent=14128"}],"wp:term":[{"taxonomy":"category","embeddable":true,"href":"https:\/\/blogs.correiobraziliense.com.br\/vicente\/wp-json\/wp\/v2\/categories?post=14128"},{"taxonomy":"post_tag","embeddable":true,"href":"https:\/\/blogs.correiobraziliense.com.br\/vicente\/wp-json\/wp\/v2\/tags?post=14128"}],"curies":[{"name":"wp","href":"https:\/\/api.w.org\/{rel}","templated":true}]}}