{"id":14121,"date":"2020-05-13T11:51:24","date_gmt":"2020-05-13T14:51:24","guid":{"rendered":"https:\/\/blogs.correiobraziliense.com.br\/vicente\/?p=14121"},"modified":"2020-05-13T11:51:24","modified_gmt":"2020-05-13T14:51:24","slug":"pressao-total-na-camara-para-aprovacao-de-reajuste-a-policiais-do-df","status":"publish","type":"post","link":"https:\/\/blogs.correiobraziliense.com.br\/vicente\/pressao-total-na-camara-para-aprovacao-de-reajuste-a-policiais-do-df\/","title":{"rendered":"Press\u00e3o total na C\u00e2mara para aprova\u00e7\u00e3o de reajuste a policiais do DF"},"content":{"rendered":"<h2>A bancada de deputados do Distrito Federal na C\u00e2mara elevou a press\u00e3o para que seja votado nesta quarta-feira (13\/05) o projeto que garante reajuste aos policiais militares, civis e bombeiros da capital do pa\u00eds. Os aumentos v\u00e3o de 8% a 25%, ao custo de R$ 505 milh\u00f5es por ano.<\/h2>\n<p>&nbsp;<\/p>\n<p>A vota\u00e7\u00e3o foi inclu\u00edda na pauta da C\u00e2mara na ter\u00e7a-feira (12\/05). O reajuste est\u00e1 previsto em um projeto que promove altera\u00e7\u00e3o na Lei de Diretrizes Or\u00e7ament\u00e1rias (LDO). Se o projeto for aprovado, a LDO passar\u00e1 a prever os gastos com a corre\u00e7\u00e3o salarial, inclusive retroativa a 1\u00ba de janeiro de 2020.<\/p>\n<p>&nbsp;<\/p>\n<p>O reajuste para os policiais e bombeiros do DF foi negociado entre o governador Ibaneis Rocha e o presidente Jair Bolsonaro, que cogitou publicar uma medida provis\u00f3ria tratando do tema, mas acabou sendo aconselhado pela equipe econ\u00f4mica e n\u00e3o usar tal instrumento.<\/p>\n<p>&nbsp;<\/p>\n<p><strong>Socorro a estados e congelamento de sal\u00e1rios<\/strong><\/p>\n<p>&nbsp;<\/p>\n<p>A pressa em votar o projeto tem explica\u00e7\u00e3o: o presidente Jair Bolsonaro prometeu vetar, at\u00e9 esta quarta-feira (13\/05), o artigo do projeto aprovado pela C\u00e2mara e pelo Senado que prev\u00ea socorro de R$ 60 bilh\u00f5es a estados e munic\u00edpios que perderam receitas por causa da pandemia do novo coronav\u00edrus.<\/p>\n<p>&nbsp;<\/p>\n<p>O artigo deixou as portas abertas para reajustes aos servidores, inclusive para as for\u00e7as de seguran\u00e7a. A pedido do ministro da Economia, Paulo Guedes, Bolsonaro prometeu vetar tal possibilidade, congelando os rendimentos do funcionalismo at\u00e9 o fim de 2021.<\/p>\n<p>&nbsp;<\/p>\n<p>Se vetar a possibilidade de reajuste antes da aprova\u00e7\u00e3o do projeto que prev\u00ea o aumento \u00e0 PM do DF, Bolsonaro dificultar\u00e1 a concess\u00e3o do benef\u00edcio \u00e0 corpora\u00e7\u00e3o. Por isso, h\u00e1 um grupo de parlamentares, n\u00e3o apenas do Distrito Federal, pedindo que o presidente adie a quest\u00e3o do veto, mesmo que isso signifique um problema para o j\u00e1 desgastado Paulo Guedes.<\/p>\n<p>&nbsp;<\/p>\n<p>Bolsonaro tem at\u00e9 27 de maio para sancionar a lei que atende o pleito de governadores e prefeitos.<\/p>\n<p>&nbsp;<\/p>\n<p><em>Bras\u00edlia, 11h51min<\/em><\/p>\n","protected":false},"excerpt":{"rendered":"<p>A bancada de deputados do Distrito Federal na C\u00e2mara elevou a press\u00e3o para que seja votado nesta quarta-feira (13\/05) o projeto que garante reajuste aos policiais militares, civis e bombeiros da capital do pa\u00eds. Os aumentos v\u00e3o de 8% a 25%, ao custo de R$ 505 milh\u00f5es por ano. &nbsp; A vota\u00e7\u00e3o foi inclu\u00edda na [&hellip;]<\/p>\n","protected":false},"author":22,"featured_media":14122,"comment_status":"open","ping_status":"closed","sticky":false,"template":"","format":"standard","meta":{"footnotes":""},"categories":[600],"tags":[133,2554,134,1532,521,2953,264,85],"class_list":["post-14121","post","type-post","status-publish","format-standard","has-post-thumbnail","hentry","category-economia","tag-aumento","tag-bolsonaro","tag-camara","tag-df","tag-ldo","tag-pm","tag-reajuste","tag-salario"],"_links":{"self":[{"href":"https:\/\/blogs.correiobraziliense.com.br\/vicente\/wp-json\/wp\/v2\/posts\/14121","targetHints":{"allow":["GET"]}}],"collection":[{"href":"https:\/\/blogs.correiobraziliense.com.br\/vicente\/wp-json\/wp\/v2\/posts"}],"about":[{"href":"https:\/\/blogs.correiobraziliense.com.br\/vicente\/wp-json\/wp\/v2\/types\/post"}],"author":[{"embeddable":true,"href":"https:\/\/blogs.correiobraziliense.com.br\/vicente\/wp-json\/wp\/v2\/users\/22"}],"replies":[{"embeddable":true,"href":"https:\/\/blogs.correiobraziliense.com.br\/vicente\/wp-json\/wp\/v2\/comments?post=14121"}],"version-history":[{"count":0,"href":"https:\/\/blogs.correiobraziliense.com.br\/vicente\/wp-json\/wp\/v2\/posts\/14121\/revisions"}],"wp:featuredmedia":[{"embeddable":true,"href":"https:\/\/blogs.correiobraziliense.com.br\/vicente\/wp-json\/wp\/v2\/media\/14122"}],"wp:attachment":[{"href":"https:\/\/blogs.correiobraziliense.com.br\/vicente\/wp-json\/wp\/v2\/media?parent=14121"}],"wp:term":[{"taxonomy":"category","embeddable":true,"href":"https:\/\/blogs.correiobraziliense.com.br\/vicente\/wp-json\/wp\/v2\/categories?post=14121"},{"taxonomy":"post_tag","embeddable":true,"href":"https:\/\/blogs.correiobraziliense.com.br\/vicente\/wp-json\/wp\/v2\/tags?post=14121"}],"curies":[{"name":"wp","href":"https:\/\/api.w.org\/{rel}","templated":true}]}}