{"id":14119,"date":"2020-05-13T09:16:38","date_gmt":"2020-05-13T12:16:38","guid":{"rendered":"https:\/\/blogs.correiobraziliense.com.br\/vicente\/?p=14119"},"modified":"2020-05-13T09:16:38","modified_gmt":"2020-05-13T12:16:38","slug":"bolsonaro-da-a-senha-para-teich-ou-concorda-com-ele-ou-esta-fora","status":"publish","type":"post","link":"https:\/\/blogs.correiobraziliense.com.br\/vicente\/bolsonaro-da-a-senha-para-teich-ou-concorda-com-ele-ou-esta-fora\/","title":{"rendered":"Bolsonaro d\u00e1 a senha para Teich: ou concorda com ele ou est\u00e1 fora"},"content":{"rendered":"<h2>O presidente Jair Bolsonaro avisou, nesta quarta-feira (13\/05), que\u00a0gosta que seus ministros estejam alinhados com ele e com o que ele pensa. O recado teve dire\u00e7\u00e3o certa: o ministro da Sa\u00fade, Nelson Teich, que, em mensagens publicadas em redes sociais, mostrou s\u00e9rias restri\u00e7\u00f5es ao uso da cloroquina no tratamento de pessoas com a covid-19.<\/h2>\n<p>&nbsp;<\/p>\n<p>&#8220;Todos t\u00eam que estar afinados. Quando eu converso com os ministros, eu quero efic\u00e1cia na ponta da linha. Nesse caso, n\u00e3o \u00e9 gostar ou n\u00e3o do ministro Teich, t\u00e1? \u00c9 o que est\u00e1 acontecendo. N\u00f3s estamos tendo a\u00ed centenas de mortes por dia. Se existe uma possibilidade de diminuir esse n\u00famero com a cloroquina, por que n\u00e3o us\u00e1-la?. A gente n\u00e3o pode \u00e9, daqui a dois anos, falar: ah, se tivesse usado a cloroquina l\u00e1 atr\u00e1s, ter\u00edamos salvo milhares de pessoas. S\u00f3 isso&#8221;, afirmou.<\/p>\n<p>&nbsp;<\/p>\n<p>Nas redes sociais, um dia antes, Teich havia sido enf\u00e1tico: &#8220;Um alerta importante: a cloroquina \u00e9 um medicamento com efeitos colaterais. Ent\u00e3o, qualquer prescri\u00e7\u00e3o deve ser feita com base em avalia\u00e7\u00e3o m\u00e9dica. O paciente deve entender os riscos e assinar o \u201cTermo de Consentimento\u201d antes de iniciar o uso da cloroquina&#8221;.<\/p>\n<p>&nbsp;<\/p>\n<p><strong>Discuss\u00e3o<\/strong><\/p>\n<p>&nbsp;<\/p>\n<p>Bolsonaro destacou que, nesta quarta-feira, discutir\u00e1 com Teich a amplia\u00e7\u00e3o do uso da cloroquina e da hidroxicloroquina em pacientes contaminados pelo novo coronav\u00edrus. Para o chefe do Executivo, ainda que a efic\u00e1cia desse medicamento n\u00e3o tenha sido comprovada, seu uso contra a covid-19 tem que ser pensado de forma emergencial.<\/p>\n<p>&nbsp;<\/p>\n<p>&#8220;Vai ser discutido hoje com o ministro. O meu entendimento, ouvindo m\u00e9dicos, \u00e9 de que ela\u00a0 (a cloroquina) deve ser usada desde o in\u00edcio para quem est\u00e1 no grupo de risco, pessoas com comorbidades, com idade&#8221;, frisou. Ele disse tamb\u00e9m que o uso do medicamento contra a covid-19 n\u00e3o \u00e9 opini\u00e3o dele, porque n\u00e3o \u00e9 m\u00e9dico.<\/p>\n<p>&nbsp;<\/p>\n<p>&#8220;Mas muitos m\u00e9dicos do Brasil e de outros pa\u00edses entendem que a cloroquina pode e deve ser usada desde o in\u00edcio, mesmo sabendo que n\u00e3o h\u00e1 uma comprova\u00e7\u00e3o cient\u00edfica de sua efic\u00e1cia. Mas como estamos em uma emerg\u00eancia, sempre foi usada desde 1955, e agora (combinada) com a azitromicina pode ser um alento para essa quantidade de \u00f3bitos que estamos tendo no Brasil&#8221;, enfatizou.<\/p>\n<p>&nbsp;<\/p>\n<p>Lembrando que uma das diverg\u00eancias com Bolsonaro que resultaram na demiss\u00e3o de Luiz Henrique Mandetta do Minist\u00e9rio da Sa\u00fade foi exatamente a resist\u00eancia do ent\u00e3o subordinado em reconhecer os benef\u00edcios da cloroquina no enfrentamento da pandemia do novo coronav\u00edrus.<\/p>\n<p>&nbsp;<\/p>\n<p><em>Bras\u00edlia, 09h16min<\/em><\/p>\n","protected":false},"excerpt":{"rendered":"<p>O presidente Jair Bolsonaro avisou, nesta quarta-feira (13\/05), que\u00a0gosta que seus ministros estejam alinhados com ele e com o que ele pensa. O recado teve dire\u00e7\u00e3o certa: o ministro da Sa\u00fade, Nelson Teich, que, em mensagens publicadas em redes sociais, mostrou s\u00e9rias restri\u00e7\u00f5es ao uso da cloroquina no tratamento de pessoas com a covid-19. &nbsp; [&hellip;]<\/p>\n","protected":false},"author":22,"featured_media":13776,"comment_status":"open","ping_status":"closed","sticky":false,"template":"","format":"standard","meta":{"footnotes":""},"categories":[600],"tags":[],"class_list":["post-14119","post","type-post","status-publish","format-standard","has-post-thumbnail","hentry","category-economia"],"_links":{"self":[{"href":"https:\/\/blogs.correiobraziliense.com.br\/vicente\/wp-json\/wp\/v2\/posts\/14119","targetHints":{"allow":["GET"]}}],"collection":[{"href":"https:\/\/blogs.correiobraziliense.com.br\/vicente\/wp-json\/wp\/v2\/posts"}],"about":[{"href":"https:\/\/blogs.correiobraziliense.com.br\/vicente\/wp-json\/wp\/v2\/types\/post"}],"author":[{"embeddable":true,"href":"https:\/\/blogs.correiobraziliense.com.br\/vicente\/wp-json\/wp\/v2\/users\/22"}],"replies":[{"embeddable":true,"href":"https:\/\/blogs.correiobraziliense.com.br\/vicente\/wp-json\/wp\/v2\/comments?post=14119"}],"version-history":[{"count":0,"href":"https:\/\/blogs.correiobraziliense.com.br\/vicente\/wp-json\/wp\/v2\/posts\/14119\/revisions"}],"wp:featuredmedia":[{"embeddable":true,"href":"https:\/\/blogs.correiobraziliense.com.br\/vicente\/wp-json\/wp\/v2\/media\/13776"}],"wp:attachment":[{"href":"https:\/\/blogs.correiobraziliense.com.br\/vicente\/wp-json\/wp\/v2\/media?parent=14119"}],"wp:term":[{"taxonomy":"category","embeddable":true,"href":"https:\/\/blogs.correiobraziliense.com.br\/vicente\/wp-json\/wp\/v2\/categories?post=14119"},{"taxonomy":"post_tag","embeddable":true,"href":"https:\/\/blogs.correiobraziliense.com.br\/vicente\/wp-json\/wp\/v2\/tags?post=14119"}],"curies":[{"name":"wp","href":"https:\/\/api.w.org\/{rel}","templated":true}]}}