{"id":14117,"date":"2020-05-12T18:10:13","date_gmt":"2020-05-12T21:10:13","guid":{"rendered":"https:\/\/blogs.correiobraziliense.com.br\/vicente\/?p=14117"},"modified":"2020-05-12T18:10:13","modified_gmt":"2020-05-12T21:10:13","slug":"governo-ja-identificou-73-242-militares-que-receberam-o-coronavoucher-de-r-600","status":"publish","type":"post","link":"https:\/\/blogs.correiobraziliense.com.br\/vicente\/governo-ja-identificou-73-242-militares-que-receberam-o-coronavoucher-de-r-600\/","title":{"rendered":"Governo j\u00e1 identificou 73.242 militares que receberam o coronavoucher de R$ 600"},"content":{"rendered":"<h2>Os minist\u00e9rios da Defesa e da Cidadania informaram, por meio de nota, que j\u00e1 identificaram 73.242 militares\u00a0ativos, inativos, de carreira e tempor\u00e1rios que receberam o coronavoucher de R$ 600, benef\u00edcio criado pelo governo para minimizar a perda de renda por trabalhadores informais, desempregados e microempreendedores individuais.<\/h2>\n<p>&nbsp;<\/p>\n<p>Esse grupo representa, pelos c\u00e1lculos dos dois minist\u00e9rios, 4,17% de um universo de 1,8 milh\u00e3o de CPFs analisados. Informa\u00e7\u00f5es obtidas pelo <strong>Blog<\/strong> apontam que o n\u00famero de militares beneficiados pelo coronavoucher pode ter chegado a <a href=\"https:\/\/blogs.correiobraziliense.com.br\/vicente\/189-695-militares-receberam-coronavoucher-de-r-600-totalizando-r-1138-milhoes\/\">189.695, ao custo de R$ 113,8 milh\u00f5es<\/a>.<\/p>\n<p>&nbsp;<\/p>\n<p>Segundo o governo, apesar de identificados os militares que receberam o coronavoucher, nem o Minist\u00e9rio da Defesa nem o Minist\u00e9rio da Cidadania sabem dizer quantas pessoas receberam o aux\u00edlio emergencial de forma irregular. &#8220;A an\u00e1lise ser\u00e1 caso a caso&#8221;, refor\u00e7a a Defesa.<\/p>\n<p>&nbsp;<\/p>\n<p>&#8220;No momento, as For\u00e7as Armadas apuram individualmente cada caso. Os valores recebidos indevidamente ser\u00e3o restitu\u00eddos&#8221;, asseguram os dois minist\u00e9rio, em nota. As pastas ressaltam ainda que, assim fizeram o cruzamento de informa\u00e7\u00f5es e identificaram a possibilidade de eventuais recebimentos indevidos, os &#8220;Comandos das For\u00e7as Armadas foram acionados para apurar poss\u00edveis<br \/>\nirregularidades&#8221;.<\/p>\n<p>&nbsp;<\/p>\n<p><strong>Atos il\u00edcitos<\/strong><\/p>\n<p>&nbsp;<\/p>\n<p>Os minist\u00e9rios informam ainda que \u00e9\u00a0importante ressaltar que, do universo de militares beneficiados com o coronavoucher, parte recebeu automaticamente por ter CPF registrado no Cadastro<br \/>\n\u00danico, parte por ser benefici\u00e1rio do Bolsa Fam\u00edlia.<\/p>\n<p>&nbsp;<\/p>\n<p>Mais:\u00a0entre os que pediram o aux\u00edlio por meio do aplicativo ou do site da Caixa Econ\u00f4mica Federal h\u00e1 integrantes de fam\u00edlias, cuja renda mensal por pessoa n\u00e3o ultrapassa meio sal\u00e1rio m\u00ednimo (R$ 522,50) ou cuja renda familiar total \u00e9 de at\u00e9 tr\u00eas\u00a0sal\u00e1rios m\u00ednimos (R$ 3.135).<\/p>\n<p>&nbsp;<\/p>\n<p>Os minist\u00e9rios ressaltam que parte dessas pessoas &#8220;podem ter interpretado equivocadamente as regras de recebimento do benef\u00edcio&#8221;. Diante disso, &#8220;havendo ind\u00edcios de pr\u00e1ticas de atos il\u00edcitos&#8221;, ser\u00e3o adotadas &#8220;todas as medidas cab\u00edveis, mantendo sempre o compromisso com a transpar\u00eancia&#8221;.<\/p>\n<p>&nbsp;<\/p>\n<p>Pelos c\u00e1lculos dos minist\u00e9rios, em menos de 30 dias, o aux\u00edlio emergencial para o enfrentamento da Covid-19 chegou \u00e0s m\u00e3os de mais de 50 milh\u00f5es de pessoas.<\/p>\n<p>&nbsp;<\/p>\n<p><em>Bras\u00edlia, 18h10min<\/em><\/p>\n","protected":false},"excerpt":{"rendered":"<p>Os minist\u00e9rios da Defesa e da Cidadania informaram, por meio de nota, que j\u00e1 identificaram 73.242 militares\u00a0ativos, inativos, de carreira e tempor\u00e1rios que receberam o coronavoucher de R$ 600, benef\u00edcio criado pelo governo para minimizar a perda de renda por trabalhadores informais, desempregados e microempreendedores individuais. &nbsp; Esse grupo representa, pelos c\u00e1lculos dos dois minist\u00e9rios, [&hellip;]<\/p>\n","protected":false},"author":22,"featured_media":14076,"comment_status":"open","ping_status":"closed","sticky":false,"template":"","format":"standard","meta":{"footnotes":""},"categories":[600],"tags":[],"class_list":["post-14117","post","type-post","status-publish","format-standard","has-post-thumbnail","hentry","category-economia"],"_links":{"self":[{"href":"https:\/\/blogs.correiobraziliense.com.br\/vicente\/wp-json\/wp\/v2\/posts\/14117","targetHints":{"allow":["GET"]}}],"collection":[{"href":"https:\/\/blogs.correiobraziliense.com.br\/vicente\/wp-json\/wp\/v2\/posts"}],"about":[{"href":"https:\/\/blogs.correiobraziliense.com.br\/vicente\/wp-json\/wp\/v2\/types\/post"}],"author":[{"embeddable":true,"href":"https:\/\/blogs.correiobraziliense.com.br\/vicente\/wp-json\/wp\/v2\/users\/22"}],"replies":[{"embeddable":true,"href":"https:\/\/blogs.correiobraziliense.com.br\/vicente\/wp-json\/wp\/v2\/comments?post=14117"}],"version-history":[{"count":0,"href":"https:\/\/blogs.correiobraziliense.com.br\/vicente\/wp-json\/wp\/v2\/posts\/14117\/revisions"}],"wp:featuredmedia":[{"embeddable":true,"href":"https:\/\/blogs.correiobraziliense.com.br\/vicente\/wp-json\/wp\/v2\/media\/14076"}],"wp:attachment":[{"href":"https:\/\/blogs.correiobraziliense.com.br\/vicente\/wp-json\/wp\/v2\/media?parent=14117"}],"wp:term":[{"taxonomy":"category","embeddable":true,"href":"https:\/\/blogs.correiobraziliense.com.br\/vicente\/wp-json\/wp\/v2\/categories?post=14117"},{"taxonomy":"post_tag","embeddable":true,"href":"https:\/\/blogs.correiobraziliense.com.br\/vicente\/wp-json\/wp\/v2\/tags?post=14117"}],"curies":[{"name":"wp","href":"https:\/\/api.w.org\/{rel}","templated":true}]}}