{"id":1411,"date":"2016-06-12T21:10:04","date_gmt":"2016-06-13T00:10:04","guid":{"rendered":"https:\/\/blogs.correiobraziliense.com.br\/vicente\/?p=1411"},"modified":"2016-06-13T11:20:41","modified_gmt":"2016-06-13T14:20:41","slug":"temer-reforcara-proposta-de-meirelles-para-limitar-gastos","status":"publish","type":"post","link":"https:\/\/blogs.correiobraziliense.com.br\/vicente\/temer-reforcara-proposta-de-meirelles-para-limitar-gastos\/","title":{"rendered":"Temer refor\u00e7ar\u00e1 proposta de Meirelles para limitar gastos"},"content":{"rendered":"<p>POR ANTONIO TEM\u00d3TEO<\/p>\n<p>&nbsp;<\/p>\n<p>Diante do temor dos investidores de que as press\u00f5es pol\u00edticas enfraque\u00e7am a equipe econ\u00f4mica, o presidente interino, Michel Temer, vai refor\u00e7ar o apoio ao ministro da Fazenda, Henrique Meirelles, na defini\u00e7\u00e3o do prazo de vig\u00eancia do limite para o aumento dos gastos p\u00fablicos. A perspectiva inicial de Meirelles era de que a Proposta de Emenda \u00e0 Constitui\u00e7\u00e3o (PEC), que dever\u00e1 ser encaminhada nesta semana ao Congresso, n\u00e3o definisse um per\u00edodo espec\u00edfico para que a alta dos gastos se limitasse \u00e0 infla\u00e7\u00e3o do ano anterior. Mas um grupo palaciano come\u00e7ou a se movimentar para que a validade da PEC fosse de, no m\u00e1ximo, cinco anos, tempo considerado curto pelo ministro da Fazenda para fazer a d\u00edvida p\u00fablica cair em rela\u00e7\u00e3o ao Produto Interno Bruto (PIB). A tend\u00eancia de Temer \u00e9 de fixar a vig\u00eancia da medida entre sete e 10 anos.<\/p>\n<p>&nbsp;<\/p>\n<p>\u201cN\u00e3o podemos emitir nenhum sinal de fragilidade da equipe econ\u00f4mica neste momento\u201d, diz um dos mais pr\u00f3ximos auxiliares de Temer. \u201cEstamos falando do principal pilar de sustenta\u00e7\u00e3o do governo, que ainda \u00e9 provis\u00f3rio e est\u00e1 sujeito \u00e0s chantagens do Congresso para aprovar o impeachment\u201d, acrescenta.\u00a0 Segundo esse auxiliar, est\u00e1 claro para o presidente interino que existe hoje uma linha divis\u00f3ria dentro do governo. De um lado, est\u00e1 a equipe econ\u00f4mica, que \u00e9 intoc\u00e1vel; de outro, o resto, que se move de acordo com as perspectivas pol\u00edticas e o andamento do impeachment de Dilma Rousseff no Senado. \u201cPortanto, n\u00e3o h\u00e1 por que enfraquecer justamente o lado que est\u00e1 trazendo de volta a confian\u00e7a e vai pavimentar a retomada do crescimento econ\u00f4mico\u201d, frisa.<\/p>\n<p>&nbsp;<\/p>\n<p>O governo identificou, nos \u00faltimos dias, um certo inc\u00f4modo dos agentes econ\u00f4micos com ru\u00eddos vindos da seara de Meirelles. O ministro teve que ceder em rela\u00e7\u00e3o ao aumento dos servidores, que custar\u00e1 cerca de R$ 100 bilh\u00f5es at\u00e9 2019, e n\u00e3o conseguiu p\u00f4r em pr\u00e1tica v\u00e1rias medidas, como o aumento de impostos, para arrumar as contas p\u00fablicas por causa da necessidade de amplo apoio do Congresso a Temer. O quadro s\u00f3 n\u00e3o desandou porque o governo obteve vit\u00f3rias importantes, como a aprova\u00e7\u00e3o em dois turnos, na C\u00e2mara, do aumento da desvincula\u00e7\u00e3o de receitas da Uni\u00e3o (DRU) e a ratifica\u00e7\u00e3o do nome de Ilan Goldfajn para a presid\u00eancia do Banco Central.<\/p>\n<p>&nbsp;<\/p>\n<p>\u201cMeirelles est\u00e1 ciente da pequena margem de manobra pol\u00edtica do governo neste momento. Por isso, vem sendo compreens\u00edvel. Mas isso n\u00e3o quer dizer que ele vai aceitar qualquer coisa. O prazo de vig\u00eancia para a PEC que imp\u00f5e um teto para o aumento dos gastos tem que garantir a trajet\u00f3ria de queda da d\u00edvida p\u00fablica\u201d, afirma um aliado do ministro. \u201cDisso, ele n\u00e3o abre m\u00e3o\u201d, ressalta.<\/p>\n<p>&nbsp;<\/p>\n<p><em>Bras\u00edlia, 21h10min<\/em><\/p>\n","protected":false},"excerpt":{"rendered":"<p>POR ANTONIO TEM\u00d3TEO &nbsp; Diante do temor dos investidores de que as press\u00f5es pol\u00edticas enfraque\u00e7am a equipe econ\u00f4mica, o presidente interino, Michel Temer, vai refor\u00e7ar o apoio ao ministro da Fazenda, Henrique Meirelles, na defini\u00e7\u00e3o do prazo de vig\u00eancia do limite para o aumento dos gastos p\u00fablicos. A perspectiva inicial de Meirelles era de que [&hellip;]<\/p>\n","protected":false},"author":22,"featured_media":0,"comment_status":"open","ping_status":"closed","sticky":false,"template":"","format":"standard","meta":{"footnotes":""},"categories":[1],"tags":[224,21,222,111,204],"class_list":["post-1411","post","type-post","status-publish","format-standard","hentry","category-sem-categoria","tag-divergencias","tag-henrique-meirelles","tag-limite-para-gastos","tag-michel-temer","tag-pec"],"_links":{"self":[{"href":"https:\/\/blogs.correiobraziliense.com.br\/vicente\/wp-json\/wp\/v2\/posts\/1411","targetHints":{"allow":["GET"]}}],"collection":[{"href":"https:\/\/blogs.correiobraziliense.com.br\/vicente\/wp-json\/wp\/v2\/posts"}],"about":[{"href":"https:\/\/blogs.correiobraziliense.com.br\/vicente\/wp-json\/wp\/v2\/types\/post"}],"author":[{"embeddable":true,"href":"https:\/\/blogs.correiobraziliense.com.br\/vicente\/wp-json\/wp\/v2\/users\/22"}],"replies":[{"embeddable":true,"href":"https:\/\/blogs.correiobraziliense.com.br\/vicente\/wp-json\/wp\/v2\/comments?post=1411"}],"version-history":[{"count":3,"href":"https:\/\/blogs.correiobraziliense.com.br\/vicente\/wp-json\/wp\/v2\/posts\/1411\/revisions"}],"predecessor-version":[{"id":1416,"href":"https:\/\/blogs.correiobraziliense.com.br\/vicente\/wp-json\/wp\/v2\/posts\/1411\/revisions\/1416"}],"wp:attachment":[{"href":"https:\/\/blogs.correiobraziliense.com.br\/vicente\/wp-json\/wp\/v2\/media?parent=1411"}],"wp:term":[{"taxonomy":"category","embeddable":true,"href":"https:\/\/blogs.correiobraziliense.com.br\/vicente\/wp-json\/wp\/v2\/categories?post=1411"},{"taxonomy":"post_tag","embeddable":true,"href":"https:\/\/blogs.correiobraziliense.com.br\/vicente\/wp-json\/wp\/v2\/tags?post=1411"}],"curies":[{"name":"wp","href":"https:\/\/api.w.org\/{rel}","templated":true}]}}