{"id":14108,"date":"2020-05-12T15:51:22","date_gmt":"2020-05-12T18:51:22","guid":{"rendered":"https:\/\/blogs.correiobraziliense.com.br\/vicente\/?p=14108"},"modified":"2020-05-12T15:51:22","modified_gmt":"2020-05-12T18:51:22","slug":"video-deixa-claro-bolsonaro-queria-trocar-chefia-da-pf-no-rio-para-proteger-seus-filhos","status":"publish","type":"post","link":"https:\/\/blogs.correiobraziliense.com.br\/vicente\/video-deixa-claro-bolsonaro-queria-trocar-chefia-da-pf-no-rio-para-proteger-seus-filhos\/","title":{"rendered":"V\u00eddeo deixa claro: Bolsonaro queria trocar chefia da PF no Rio para proteger seus filhos"},"content":{"rendered":"<h2>Pessoas que tiveram acesso ao v\u00eddeo exibido hoje na Pol\u00edcia Federal, dentro do processo que investiga den\u00fancias do ex-ministro da Justi\u00e7a Sergio Moro contra o presidente Jair Bolsonaro, afirmam que o que foi dito na reuni\u00e3o ministerial de 22 de abril \u00e9 devastador para o chefe do Executivo. Ficou claro que a grande preocupa\u00e7\u00e3o de Bolsonaro, ao mudar a chefia da superintend\u00eancia no Rio de Janeiro \u00e9 proteger os filhos dele.<\/h2>\n<p>&nbsp;<\/p>\n<p>&#8220;Todos que assistiram ao v\u00eddeo ficaram at\u00f4nitos. Explicitou-se o que at\u00e9 ent\u00e3o eram suposi\u00e7\u00f5es: o presidente Jair Bolsonaro s\u00f3 est\u00e1 preocupado em livrar seus filhos do cerco da PF. Por isso, ele quer tanto ter o controle do \u00f3rg\u00e3o e ter acesso \u00e0s investiga\u00e7\u00f5es&#8221;, contou um dos presentes. Em uma das partes do v\u00eddeo, Bolsonaro diz: &#8220;Querem f. minha fam\u00edlia&#8221;.<\/p>\n<p>&nbsp;<\/p>\n<p>A avalia\u00e7\u00e3o de duas pessoas que participaram da exibi\u00e7\u00e3o do v\u00eddeo nesta ter\u00e7a-feira (12\/05), no Instituto Nacional de Criminal\u00edstica da Pol\u00edcia Federal, em Bras\u00edlia, \u00e9 de que a situa\u00e7\u00e3o, depois do v\u00eddeo, \u00e9 muito ruim para o governo. &#8220;Como Bolsonaro vai rebater o que ele disse e est\u00e1 gravado? Vai dizer que fizeram montagem?&#8221;, indagou uma das fontes.<\/p>\n<p>&nbsp;<\/p>\n<p>O v\u00eddeo foi exibido a mando do ministro Celso de Mello, do Supremo Tribunal Federal (SFT). Participaram da exibi\u00e7\u00e3o Sergio Moro, integrantes da Advocacia-Geral da Uni\u00e3o e procuradores e investigadores que acompanham o caso. O advogado de Moro,\u00a0Rodrigo S\u00e1nchez Rios, por sinal, ressaltou que o material exibido confirma todas as den\u00fancias feitas pelo ex-ministro.<\/p>\n<p>&nbsp;<\/p>\n<p>Ao deixar o comando do Minist\u00e9rio da Justi\u00e7a e Seguran\u00e7a P\u00fablica, Sergio Moro afirmou que Bolsonaro queria interferir no comando e nas a\u00e7\u00f5es da PF. Logo depois, o presidente da Rep\u00fablica tentou desqualificar as declara\u00e7\u00f5es do ex-juiz. Com o v\u00eddeo da reuni\u00e3o na qual Bolsonaro disse que demitiria Moro se ele n\u00e3o mudasse a chefia da PF, o clima no Pal\u00e1cio do Planalto \u00e9 de alerta m\u00e1ximo. Tudo indica que a parte do v\u00eddeo que envolve Moro ser\u00e1 liberada.<\/p>\n<p>&nbsp;<\/p>\n<p><em>Bras\u00edlia, 15h51min<\/em><\/p>\n","protected":false},"excerpt":{"rendered":"<p>Pessoas que tiveram acesso ao v\u00eddeo exibido hoje na Pol\u00edcia Federal, dentro do processo que investiga den\u00fancias do ex-ministro da Justi\u00e7a Sergio Moro contra o presidente Jair Bolsonaro, afirmam que o que foi dito na reuni\u00e3o ministerial de 22 de abril \u00e9 devastador para o chefe do Executivo. Ficou claro que a grande preocupa\u00e7\u00e3o de [&hellip;]<\/p>\n","protected":false},"author":22,"featured_media":12208,"comment_status":"open","ping_status":"closed","sticky":false,"template":"","format":"standard","meta":{"footnotes":""},"categories":[600],"tags":[],"class_list":["post-14108","post","type-post","status-publish","format-standard","has-post-thumbnail","hentry","category-economia"],"_links":{"self":[{"href":"https:\/\/blogs.correiobraziliense.com.br\/vicente\/wp-json\/wp\/v2\/posts\/14108","targetHints":{"allow":["GET"]}}],"collection":[{"href":"https:\/\/blogs.correiobraziliense.com.br\/vicente\/wp-json\/wp\/v2\/posts"}],"about":[{"href":"https:\/\/blogs.correiobraziliense.com.br\/vicente\/wp-json\/wp\/v2\/types\/post"}],"author":[{"embeddable":true,"href":"https:\/\/blogs.correiobraziliense.com.br\/vicente\/wp-json\/wp\/v2\/users\/22"}],"replies":[{"embeddable":true,"href":"https:\/\/blogs.correiobraziliense.com.br\/vicente\/wp-json\/wp\/v2\/comments?post=14108"}],"version-history":[{"count":0,"href":"https:\/\/blogs.correiobraziliense.com.br\/vicente\/wp-json\/wp\/v2\/posts\/14108\/revisions"}],"wp:featuredmedia":[{"embeddable":true,"href":"https:\/\/blogs.correiobraziliense.com.br\/vicente\/wp-json\/wp\/v2\/media\/12208"}],"wp:attachment":[{"href":"https:\/\/blogs.correiobraziliense.com.br\/vicente\/wp-json\/wp\/v2\/media?parent=14108"}],"wp:term":[{"taxonomy":"category","embeddable":true,"href":"https:\/\/blogs.correiobraziliense.com.br\/vicente\/wp-json\/wp\/v2\/categories?post=14108"},{"taxonomy":"post_tag","embeddable":true,"href":"https:\/\/blogs.correiobraziliense.com.br\/vicente\/wp-json\/wp\/v2\/tags?post=14108"}],"curies":[{"name":"wp","href":"https:\/\/api.w.org\/{rel}","templated":true}]}}