{"id":14101,"date":"2020-05-12T14:51:11","date_gmt":"2020-05-12T17:51:11","guid":{"rendered":"https:\/\/blogs.correiobraziliense.com.br\/vicente\/?p=14101"},"modified":"2020-05-12T14:51:11","modified_gmt":"2020-05-12T17:51:11","slug":"queda-inedita-no-setor-de-servicos-sinaliza-que-pib-ser-bem-pior","status":"publish","type":"post","link":"https:\/\/blogs.correiobraziliense.com.br\/vicente\/queda-inedita-no-setor-de-servicos-sinaliza-que-pib-ser-bem-pior\/","title":{"rendered":"Queda in\u00e9dita no setor de servi\u00e7os sinaliza que PIB ser bem pior"},"content":{"rendered":"<p><span style=\"font-weight: 400\">ROSANA HESSEL<\/span><\/p>\n<p>&nbsp;<\/p>\n<p><span style=\"font-weight: 400\">Os dados do setor de servi\u00e7os divulgados nesta ter\u00e7a-feira (12\/05) pelo Instituto Brasileiro de Geografia e Estat\u00edstica (IBGE) mostrando um tombo de 6,9% em mar\u00e7o superou as estimativas do mercado e mostram que os impactos da pandemia de covid-19 est\u00e3o sendo bastante fortes, piorando as proje\u00e7\u00f5es para o Produto Interno Bruto (PIB) deste ano. Analistas j\u00e1 voltaram para suas planilhas para rever os n\u00fameros.<\/span><\/p>\n<p>&nbsp;<\/p>\n<p><span style=\"font-weight: 400\">O tombo de mar\u00e7o \u00e9 o maior da s\u00e9rie hist\u00f3rica da pesquisa Mensal de Servi\u00e7os (PMS), iniciada em janeiro de 2011 pelo IBGE.\u00a0<\/span>O setor de servi\u00e7os tem um peso grande no PIB.\u00a0Em 2019, respondeu por 75,8% e seu desempenho pode refletir na produ\u00e7\u00e3o de riqueza no ano.\u00a0<span style=\"font-weight: 400\">Vale lembrar que, em 2019, o setor de servi\u00e7os cresceu 1,1%, entre janeiro e mar\u00e7o em rela\u00e7\u00e3o ao mesmo per\u00edodo de 2018.\u00a0 No ano, o PIB registrou expans\u00e3o de 1,1%. <\/span><\/p>\n<p>&nbsp;<\/p>\n<p><span style=\"font-weight: 400\">Uma das maiores quedas no setor de servi\u00e7os foi no Turismo, de 30% na compara\u00e7\u00e3o com fevereiro, tamb\u00e9m a maior da hist\u00f3ria. As perdas desse segmento em mar\u00e7o chegaram a R$ 13,4 bilh\u00f5es, de acordo com dados da Confedera\u00e7\u00e3o Nacional do Com\u00e9rcio (CNC). Levantamento da entidade revela ainda que os preju\u00edzos em rela\u00e7\u00e3o ao per\u00edodo p\u00f3s-pandemia j\u00e1 somam R$ 62,56 bilh\u00f5es at\u00e9 10\u00ba dia de maio.\u00a0<\/span><\/p>\n<p>&nbsp;<\/p>\n<p>As\u00a0perdas di\u00e1rias no faturamento do setor de Turismo acompanharam essa tend\u00eancia, segundo <span style=\"font-weight: 400\">o economista da CNC Fabio Bentes<\/span>. &#8220;A intensifica\u00e7\u00e3o do impacto\u00a0negativo da pandemia sobre o setor de turismo foi clara ao longo de abril e maio de modo a praticamente\u00a0triplicar os preju\u00edzos no per\u00edodo&#8221;, destacou.<\/p>\n<p>&nbsp;<\/p>\n<p>Na avalia\u00e7\u00e3o de Bentes, os dados do IBGE s\u00e3o preocupantes.\u00a0<span style=\"font-weight: 400\">\u201cAinda na fase inicial da pandemia, volume de receita dos servi\u00e7os recuou 6,9% em mar\u00e7o foi recorde, imagine o que vir\u00e1 em abril e maio\u201d, lamentou. Ele contou que est\u00e1 refazendo as proje\u00e7\u00f5es para este ano e elas n\u00e3o s\u00e3o nada animadoras.<\/span><\/p>\n<p>&nbsp;<\/p>\n<p><span style=\"font-weight: 400\">\u201cOs dados apontam para uma queda do PIB em 2020 de, pelo menos, 4% e deve for\u00e7ar uma revis\u00e3o em nossas proje\u00e7\u00f5es\u201d, afirmou o economista-chefe da Necton Investimentos, Andr\u00e9 Perfeito. Ele acaba de rever de 2% para 4% a estimativa de retra\u00e7\u00e3o na economia este ano e admitiu a que essa previs\u00e3o j\u00e1 ficou desatualizada.<\/span><\/p>\n<p>&nbsp;<\/p>\n<p><span style=\"font-weight: 400\">E a tend\u00eancia, daqui para frente, \u00e9 de piora nos indicadores econ\u00f4micos. \u201cAs perspectivas para abril s\u00e3o de nova queda no volume prestado de servi\u00e7os, tanto na compara\u00e7\u00e3o interanual, quanto na mensal. Isto pela compara\u00e7\u00e3o de um m\u00eas \u2018cheio\u2019 com isolamento e outros sem isolamento ou parcialmente sem isolamento\u201d, destacou o economista-chefe do Banco Fator, Jos\u00e9 Francisco de Lima Gon\u00e7alves. Ele prev\u00ea queda de 7,4% no PIB deste ano e retra\u00e7\u00e3o de 3%, em 2021.<\/span><\/p>\n<p>&nbsp;<\/p>\n<p><span style=\"font-weight: 400\">O economista-chefe para Am\u00e9rica Latina do Goldman Sachs, Alberto Ramos, destacou que com o resultado de mar\u00e7o a atividade de servi\u00e7os est\u00e1 17,2% abaixo da m\u00e1xima hist\u00f3rica de novembro de 2014. \u201cEsperamos que a atividade de servi\u00e7os, particularmente os que exigem intera\u00e7\u00e3o cara a cara, sejam severamente impactados pelas medidas volunt\u00e1rias e obrigat\u00f3rias para restringir o movimento e promover o distanciamento social e a deteriora\u00e7\u00e3o do cen\u00e1rio econ\u00f4mico e do mercado de trabalho\u201d, afirmou.<\/span><\/p>\n","protected":false},"excerpt":{"rendered":"<p>ROSANA HESSEL &nbsp; Os dados do setor de servi\u00e7os divulgados nesta ter\u00e7a-feira (12\/05) pelo Instituto Brasileiro de Geografia e Estat\u00edstica (IBGE) mostrando um tombo de 6,9% em mar\u00e7o superou as estimativas do mercado e mostram que os impactos da pandemia de covid-19 est\u00e3o sendo bastante fortes, piorando as proje\u00e7\u00f5es para o Produto Interno Bruto (PIB) [&hellip;]<\/p>\n","protected":false},"author":22,"featured_media":0,"comment_status":"open","ping_status":"closed","sticky":false,"template":"","format":"standard","meta":{"footnotes":""},"categories":[600],"tags":[28,391,58,414],"class_list":["post-14101","post","type-post","status-publish","format-standard","hentry","category-economia","tag-cnc","tag-ibge","tag-pib","tag-servicos"],"_links":{"self":[{"href":"https:\/\/blogs.correiobraziliense.com.br\/vicente\/wp-json\/wp\/v2\/posts\/14101","targetHints":{"allow":["GET"]}}],"collection":[{"href":"https:\/\/blogs.correiobraziliense.com.br\/vicente\/wp-json\/wp\/v2\/posts"}],"about":[{"href":"https:\/\/blogs.correiobraziliense.com.br\/vicente\/wp-json\/wp\/v2\/types\/post"}],"author":[{"embeddable":true,"href":"https:\/\/blogs.correiobraziliense.com.br\/vicente\/wp-json\/wp\/v2\/users\/22"}],"replies":[{"embeddable":true,"href":"https:\/\/blogs.correiobraziliense.com.br\/vicente\/wp-json\/wp\/v2\/comments?post=14101"}],"version-history":[{"count":0,"href":"https:\/\/blogs.correiobraziliense.com.br\/vicente\/wp-json\/wp\/v2\/posts\/14101\/revisions"}],"wp:attachment":[{"href":"https:\/\/blogs.correiobraziliense.com.br\/vicente\/wp-json\/wp\/v2\/media?parent=14101"}],"wp:term":[{"taxonomy":"category","embeddable":true,"href":"https:\/\/blogs.correiobraziliense.com.br\/vicente\/wp-json\/wp\/v2\/categories?post=14101"},{"taxonomy":"post_tag","embeddable":true,"href":"https:\/\/blogs.correiobraziliense.com.br\/vicente\/wp-json\/wp\/v2\/tags?post=14101"}],"curies":[{"name":"wp","href":"https:\/\/api.w.org\/{rel}","templated":true}]}}