{"id":14060,"date":"2020-05-08T17:43:10","date_gmt":"2020-05-08T20:43:10","guid":{"rendered":"https:\/\/blogs.correiobraziliense.com.br\/vicente\/?p=14060"},"modified":"2020-05-08T17:43:10","modified_gmt":"2020-05-08T20:43:10","slug":"mesmo-com-estoques-altos-postos-aumentam-precos-da-gasolina-em-ate-r-050","status":"publish","type":"post","link":"https:\/\/blogs.correiobraziliense.com.br\/vicente\/mesmo-com-estoques-altos-postos-aumentam-precos-da-gasolina-em-ate-r-050\/","title":{"rendered":"Mesmo com estoques altos, postos aumentam pre\u00e7os da gasolina em at\u00e9 R$ 0,50"},"content":{"rendered":"<h2>Apesar dos estoques elevados, j\u00e1 que o consumo est\u00e1 cerca de 50% abaixo do normal, os postos se anteciparam ao reajuste de 12% anunciado pelo Petrobras nas refinarias e aumentaram os pre\u00e7os da gasolina nas bombas. No Distrito Federal, a alta variou entre R$ 0,10 e R$ 0,50.<\/h2>\n<p>&nbsp;<\/p>\n<p>Segundo gerentes de postos, houve uma determina\u00e7\u00e3o para que os valores nas bombas fossem atualizados, na expectativa de libera\u00e7\u00e3o do com\u00e9rcio no Distrito Federal na segunda-feira, 11 de maio. Mas a medida foi adiada para o dia 18, para que o governo do DF tenha mais seguran\u00e7a em rela\u00e7\u00e3o aos rumos da covid-19.<\/p>\n<p>&nbsp;<\/p>\n<p>&#8220;Est\u00e1vamos esperando um salto no movimento a partir da pr\u00f3xima semana, mas teremos que esperar mais alguns dias&#8221;, diz um gerente. &#8220;De qualquer forma, ajustamos os pre\u00e7os nas bombas, uma vez que a Petrobras avisou que cobraria mais caro nas refinarias. O momento \u00e9 de elevar as margens de lucro&#8221;, acrescenta.<\/p>\n<p>&nbsp;<\/p>\n<p>No Setor de Ind\u00fastria e Abastecimento (SIA), o litro a gasolina passou de R$ 3,299 para R$ 3,799. No Guar\u00e1, \u00e0s margens da EPTG, a via mais movimentada da capital do pa\u00eds, o litro do combust\u00edvel subiu de R$ 3,199 para R$ 3,399. Em \u00c1guas Claras, tamb\u00e9m \u00e0s margens da EPTG, a gasolina foi de R$ 3,299 para R$ 3,399.<\/p>\n<p>&nbsp;<\/p>\n<p><strong>Queixas<\/strong><\/p>\n<p>&nbsp;<\/p>\n<p>Os motoristas reclamam da pressa dos postos em reajustar os pre\u00e7os da gasolina. &#8220;N\u00e3o h\u00e1 demanda. Os estabelecimentos est\u00e3o sempre vazios. Esse movimento s\u00f3 confirma a gan\u00e2ncia dos donos de postos&#8221;, afirma Luiz Gustavo Santos, 37 anos, motorista de transporte por aplicativo.<\/p>\n<p>&nbsp;<\/p>\n<p>Pelos c\u00e1lculos do Instituto Brasileiro de Geografia e Estat\u00edstica (IBGE), os pre\u00e7os do litro da\u00a0gasolina ca\u00edram, na m\u00e9dia, 9,31% em abril, fator determinante para jogar a infla\u00e7\u00e3o medida pelo \u00cdndice de Pre\u00e7os ao Consumidor Amplo (IPCA) para baixo.<\/p>\n<p>&nbsp;<\/p>\n<p>Os especialistas acreditam que, \u00e0 medida que a economia for voltando \u00e0 normalidade, a tend\u00eancia ser\u00e1 de que os pre\u00e7os da gasolina nas bombas voltem para mais pr\u00f3ximo dos R$ 4.<\/p>\n<p>&nbsp;<\/p>\n<p><em>Bras\u00edlia, 17h43min<\/em><\/p>\n","protected":false},"excerpt":{"rendered":"<p>Apesar dos estoques elevados, j\u00e1 que o consumo est\u00e1 cerca de 50% abaixo do normal, os postos se anteciparam ao reajuste de 12% anunciado pelo Petrobras nas refinarias e aumentaram os pre\u00e7os da gasolina nas bombas. No Distrito Federal, a alta variou entre R$ 0,10 e R$ 0,50. &nbsp; Segundo gerentes de postos, houve uma [&hellip;]<\/p>\n","protected":false},"author":22,"featured_media":12528,"comment_status":"open","ping_status":"closed","sticky":false,"template":"","format":"standard","meta":{"footnotes":""},"categories":[600],"tags":[3270,133,268,228,390,1549,264],"class_list":["post-14060","post","type-post","status-publish","format-standard","has-post-thumbnail","hentry","category-economia","tag-3270","tag-aumento","tag-gasolina","tag-petrobras","tag-precos","tag-r-0","tag-reajuste"],"_links":{"self":[{"href":"https:\/\/blogs.correiobraziliense.com.br\/vicente\/wp-json\/wp\/v2\/posts\/14060","targetHints":{"allow":["GET"]}}],"collection":[{"href":"https:\/\/blogs.correiobraziliense.com.br\/vicente\/wp-json\/wp\/v2\/posts"}],"about":[{"href":"https:\/\/blogs.correiobraziliense.com.br\/vicente\/wp-json\/wp\/v2\/types\/post"}],"author":[{"embeddable":true,"href":"https:\/\/blogs.correiobraziliense.com.br\/vicente\/wp-json\/wp\/v2\/users\/22"}],"replies":[{"embeddable":true,"href":"https:\/\/blogs.correiobraziliense.com.br\/vicente\/wp-json\/wp\/v2\/comments?post=14060"}],"version-history":[{"count":0,"href":"https:\/\/blogs.correiobraziliense.com.br\/vicente\/wp-json\/wp\/v2\/posts\/14060\/revisions"}],"wp:featuredmedia":[{"embeddable":true,"href":"https:\/\/blogs.correiobraziliense.com.br\/vicente\/wp-json\/wp\/v2\/media\/12528"}],"wp:attachment":[{"href":"https:\/\/blogs.correiobraziliense.com.br\/vicente\/wp-json\/wp\/v2\/media?parent=14060"}],"wp:term":[{"taxonomy":"category","embeddable":true,"href":"https:\/\/blogs.correiobraziliense.com.br\/vicente\/wp-json\/wp\/v2\/categories?post=14060"},{"taxonomy":"post_tag","embeddable":true,"href":"https:\/\/blogs.correiobraziliense.com.br\/vicente\/wp-json\/wp\/v2\/tags?post=14060"}],"curies":[{"name":"wp","href":"https:\/\/api.w.org\/{rel}","templated":true}]}}