{"id":14019,"date":"2020-05-05T15:39:30","date_gmt":"2020-05-05T18:39:30","guid":{"rendered":"https:\/\/blogs.correiobraziliense.com.br\/vicente\/?p=14019"},"modified":"2020-05-05T15:39:30","modified_gmt":"2020-05-05T18:39:30","slug":"empresarios-estao-cada-vez-mais-decepcionados-com-bolsonaro","status":"publish","type":"post","link":"https:\/\/blogs.correiobraziliense.com.br\/vicente\/empresarios-estao-cada-vez-mais-decepcionados-com-bolsonaro\/","title":{"rendered":"Empres\u00e1rios est\u00e3o cada vez mais decepcionados com Bolsonaro"},"content":{"rendered":"<p>ROSANA HESSEL<\/p>\n<p>&nbsp;<\/p>\n<p>Apesar de n\u00e3o admitirem publicamente, empres\u00e1rios est\u00e3o cada vez mais preocupados com a crise institucional que o presidente Jair Bolsonaro agravou ap\u00f3s incentivar as manifesta\u00e7\u00f5es antidemocr\u00e1ticas no \u00faltimo domingo que culminou com ataques \u00e0 imprensa. &#8220;\u00c9 incr\u00edvel que existem ainda empres\u00e1rios fan\u00e1ticos o apoiando. Por\u00e9m, aqueles que\u00a0votaram contra a corrup\u00e7\u00e3o est\u00e3o chocados. Decepcionados. E meio perdidos&#8221;, informou ao <strong>Blog<\/strong> um grande executivo de uma entidade patronal, pedindo anonimato.<\/p>\n<p>&nbsp;<\/p>\n<p><span style=\"font-weight: 400\">Os empres\u00e1rios acostumados em apoiar o presidente nas elei\u00e7\u00f5es optaram por fazer um voto de sil\u00eancio sobre as declara\u00e7\u00f5es pol\u00eamicas feitas por ele no \u00faltimo domingo durante os protestos contra o Supremo Tribunal Federal (STF) e o Congresso. Nos bastidores, tamb\u00e9m h\u00e1 uma preocupa\u00e7\u00e3o grande com a\u00a0<\/span>sa\u00edda do ex-ministro da Justi\u00e7a, Sergio Moro e o que vir\u00e1 daqui para frente com as den\u00fancias feitas pelo ex-juiz. Contudo, o presidente de uma das associa\u00e7\u00f5es de fabricantes nacionais contou que palavra de ordem nas entidades patronais \u00e9 \u201cn\u00e3o comentar temas pol\u00edticos\u201d. \u201cTodo mundo est\u00e1 muito quieto. Apesar de estarem insatisfeitos, ningu\u00e9m vai querer se expor, por enquanto\u201d, disse outro empres\u00e1rio tamb\u00e9m pedindo anonimato.<\/p>\n<p>&nbsp;<\/p>\n<p>O presidente do Instituto Brasil 200, Gabriel Kanner,\u00a0contou que, ap\u00f3s a ren\u00fancia de Moro se manifestou a favor de um distanciamento do governo, mas agora tem se posicionado contra qualquer proposta de impeachment de Bolsonaro. &#8220;N\u00e3o \u00e9 o momento&#8221;, afirmou. Ele, contudo, reconheceu que a sa\u00edda de Moro \u201cfoi um baque muito grande e pegou todo mundo de surpresa\u201d, porque um dos pilares da direita havia sido rompido.<\/p>\n<p>&nbsp;<\/p>\n<p>Kanner, um dos principais apoiadores do governo, informou que o Instituto vai esperar a apresenta\u00e7\u00e3o de provas contra o presidente prometidas pelo ex-ministro para se posicionar mais enfaticamente. \u201cTudo precisar\u00e1 ser provado e, por enquanto, n\u00e3o vimos provas contundentes apresentadas\u201d, disse.\u00a0\u00a0O executivo comentou que Bolsonaro ainda tem apoio de uma boa parcela da popula\u00e7\u00e3o, perto de 30%, e, por conta disso, se manifesta, no momento, contra o impeachment do presidente pelo desgaste que o processo vai provocar no meio da crise da pandemia da Covid-19.<\/p>\n<p>&nbsp;<\/p>\n<p>Contudo, Kanner criticou os ataques dos manifestantes \u00e0 imprensa e aos demais Poderes ocorridos no fim de semana. \u201cSomos absolutamente contra qualquer discurso de fechamento do Congresso e do STF. Isso \u00e9 parte de grupos radicais e \u00e9 muito ruim para a imagem da direita brasileira com agenda econ\u00f4mica liberar e valores conservadores\u201d, disse. Ele, inclusive, reconheceu que Bolsonaro poderia ter um discurso mais comedido. \u201cO presidente poderia ser mais cauteloso em algumas atitudes ao defender a volta das atividades econ\u00f4micas. \u00c9 o que defendemos para evitar que o pa\u00eds entre em um colapso social se a economia ficar totalmente paralisada\u201d, defendeu.<\/p>\n<p>&nbsp;<\/p>\n<p>O Instituto promover\u00e1 uma teleconfer\u00eancia com o vice-presidente, Hamilton Mour\u00e3o, na pr\u00f3xima quinta-feira (7), com integrantes da entidade para debater sobre o \u201cfuturo do governo e da economia\u201d, mas fez quest\u00e3o de informar que \u201co encontro foi agendado h\u00e1 mais de um m\u00eas\u201d. \u201cVamos conversar sobre as solu\u00e7\u00f5es do governo Bolsonaro para superar a crise e a pauta econ\u00f4mica, de forma geral, e fazer essa interlocu\u00e7\u00e3o com o setor produtivo\u201d, afirmou Kanner.<\/p>\n<p>&nbsp;<\/p>\n<p><strong>&#8220;Crimes n\u00e3o faltam&#8221;<\/strong><\/p>\n<p>&nbsp;<\/p>\n<p>Na avalia\u00e7\u00e3o de Roberto Dias, professor de direito constitucional da Funda\u00e7\u00e3o Getulio Vargas de S\u00e3o Paulo (FGV-SP), o presidente vem cometendo v\u00e1rios crimes desde o ano passado e, no \u00faltimo domingo, ao incentivar a manifesta\u00e7\u00e3o antidemocr\u00e1tica e fazer um discurso amea\u00e7ando Congresso e STF adicionou outros \u00e0 lista.\u00a0 Para o constitucionalista, ao apoiar atos contra os demais Poderes, na contram\u00e3o da democracia e da Constitui\u00e7\u00e3o, o presidente ainda desrespeitou artigo 85 da Constitui\u00e7\u00e3o e cometendo um atentado contra os direitos sociais dos cidad\u00e3os ao expor as pessoas \u00e0s aglomera\u00e7\u00f5es em meio \u00e0 pandemia da Covid-19. \u201cMas n\u00e3o \u00e9 de hoje que vemos v\u00e1rios atos ilegais praticados pelo presidente desde o primeiro ano de governo e que caracterizam crimes de responsabilidade. Mas agora ficou mais evidente, porque tem pessoas de dentro do governo informando esses delitos\u201d, destacou.<\/p>\n<p>&nbsp;<\/p>\n<p>Segundo Dias,\u00a0 \u201ccrimes n\u00e3o faltam\u201d para um processo de impeachment contra Bolsonaro e eles podem ser at\u00e9 mais graves do que os cometidos pela ex-presidente Dilma Rousseff, uma vez que s\u00e3o mais f\u00e1ceis de interpreta\u00e7\u00e3o, porque est\u00e3o desrespeitando a Constitui\u00e7\u00e3o e os princ\u00edpios de uma democracia. &#8220;No caso das pedaladas fiscais, era mais dif\u00edcil explicar. Agora, os crimes est\u00e3o mais \u00e0 vista&#8221;, comparou. \u201cCabe apenas ao procurador-geral da Rep\u00fablica (Augusto Aras) se convencer das provas e solicitar a abertura do processo\u201d, frisou.<\/p>\n<p>&nbsp;<\/p>\n<p>David Fleischer, cientista pol\u00edtico norte-americano e professor em\u00e9rito da Universidade de Bras\u00edlia (UnB), acredita os desdobramentos das den\u00fancias de Moro contra Bolsonaro, poder\u00e3o abrir espa\u00e7o para um processo impeachment mais r\u00e1pido na atual conjuntura junto ao Supremo do que no Congresso. Contudo, ele demonstrou preocupa\u00e7\u00e3o com a sinaliza\u00e7\u00e3o de Bolsonaro trocar o comando do Ex\u00e9rcito al\u00e9m de afrouxar a fiscaliza\u00e7\u00e3o de entrada de armas no pa\u00eds, na semana passada. \u201cEssa medida \u00e9 muito preocupante porque \u00e9 uma interven\u00e7\u00e3o nas For\u00e7as Armadas e favorece as mil\u00edcias e o crime organizado. O Ex\u00e9rcito engoliu a seco e ele pode reagir\u201d, alertou.<\/p>\n<p>&nbsp;<\/p>\n<p>Na avalia\u00e7\u00e3o de Fleischer, o discurso do governo em defender a economia para justificar um afrouxamento nas medidas de afastamento contra o coronav\u00edrus n\u00e3o vai estimular os investimentos privados diante dos atritos entre o Executivo e os demais poderes. \u201cO governo precisa mostrar mais estabilidade econ\u00f4mica e pol\u00edtica para que a taxa de investimento em rela\u00e7\u00e3o ao PIB (Produto Interno Bruto (PIB) volte a crescer dos atuais 14% para 21%.\u00a0 isso n\u00e3o vai acontecer com o mundo entrando em recess\u00e3o e com novas crises institucionais provocadas pelo presidente\u201d, explicou.<\/p>\n<p>&nbsp;<\/p>\n<p>No mercado financeiro, operadores ficam preocupados, mas n\u00e3o querem admitir que as incertezas pol\u00edticas j\u00e1 est\u00e3o entrando na conta de risco dos investidores, principalmente, estrangeiros que partem em debandada do pa\u00eds.\u00a0 Em abril , a sa\u00edda l\u00edquida da B3 de aplicadores n\u00e3o residentes somou R$ 69,4 bilh\u00f5es.\u00a0 Esse dado \u00e9 55,6% superior \u00e0 retirada de recursos de estrangeiros da B3 em todo o ano de 2019, o maior volume da hist\u00f3ria.<b><\/b><\/p>\n<p>&nbsp;<\/p>\n<p>&nbsp;<\/p>\n","protected":false},"excerpt":{"rendered":"<p>ROSANA HESSEL &nbsp; Apesar de n\u00e3o admitirem publicamente, empres\u00e1rios est\u00e3o cada vez mais preocupados com a crise institucional que o presidente Jair Bolsonaro agravou ap\u00f3s incentivar as manifesta\u00e7\u00f5es antidemocr\u00e1ticas no \u00faltimo domingo que culminou com ataques \u00e0 imprensa. &#8220;\u00c9 incr\u00edvel que existem ainda empres\u00e1rios fan\u00e1ticos o apoiando. Por\u00e9m, aqueles que\u00a0votaram contra a corrup\u00e7\u00e3o est\u00e3o chocados. [&hellip;]<\/p>\n","protected":false},"author":22,"featured_media":0,"comment_status":"open","ping_status":"closed","sticky":false,"template":"","format":"standard","meta":{"footnotes":""},"categories":[600],"tags":[2554,4604,301,535,42,174],"class_list":["post-14019","post","type-post","status-publish","format-standard","hentry","category-economia","tag-bolsonaro","tag-brasil-200","tag-empresarios","tag-fgv","tag-sergio-moro","tag-unb"],"_links":{"self":[{"href":"https:\/\/blogs.correiobraziliense.com.br\/vicente\/wp-json\/wp\/v2\/posts\/14019","targetHints":{"allow":["GET"]}}],"collection":[{"href":"https:\/\/blogs.correiobraziliense.com.br\/vicente\/wp-json\/wp\/v2\/posts"}],"about":[{"href":"https:\/\/blogs.correiobraziliense.com.br\/vicente\/wp-json\/wp\/v2\/types\/post"}],"author":[{"embeddable":true,"href":"https:\/\/blogs.correiobraziliense.com.br\/vicente\/wp-json\/wp\/v2\/users\/22"}],"replies":[{"embeddable":true,"href":"https:\/\/blogs.correiobraziliense.com.br\/vicente\/wp-json\/wp\/v2\/comments?post=14019"}],"version-history":[{"count":0,"href":"https:\/\/blogs.correiobraziliense.com.br\/vicente\/wp-json\/wp\/v2\/posts\/14019\/revisions"}],"wp:attachment":[{"href":"https:\/\/blogs.correiobraziliense.com.br\/vicente\/wp-json\/wp\/v2\/media?parent=14019"}],"wp:term":[{"taxonomy":"category","embeddable":true,"href":"https:\/\/blogs.correiobraziliense.com.br\/vicente\/wp-json\/wp\/v2\/categories?post=14019"},{"taxonomy":"post_tag","embeddable":true,"href":"https:\/\/blogs.correiobraziliense.com.br\/vicente\/wp-json\/wp\/v2\/tags?post=14019"}],"curies":[{"name":"wp","href":"https:\/\/api.w.org\/{rel}","templated":true}]}}