{"id":14014,"date":"2020-05-04T18:28:21","date_gmt":"2020-05-04T21:28:21","guid":{"rendered":"https:\/\/blogs.correiobraziliense.com.br\/vicente\/?p=14014"},"modified":"2020-05-04T18:28:21","modified_gmt":"2020-05-04T21:28:21","slug":"auditores-fiscais-vao-a-justica-contra-guedes-por-danos-morais","status":"publish","type":"post","link":"https:\/\/blogs.correiobraziliense.com.br\/vicente\/auditores-fiscais-vao-a-justica-contra-guedes-por-danos-morais\/","title":{"rendered":"Auditores fiscais v\u00e3o \u00e0 Justi\u00e7a contra Guedes por danos morais"},"content":{"rendered":"<p>A rela\u00e7\u00e3o entre os servidores e o ministro da Economia, Paulo Guedes, vai de mal a pior. N\u00e3o por acaso, a\u00a0Federa\u00e7\u00e3o Brasileira de Associa\u00e7\u00f5es de Fiscais de Tributos Estaduais (Febrafite), em conjunto com v\u00e1rias entidades, protocolou, nesta segunda-feira (04\/05), na Justi\u00e7a Federal, em Bras\u00edlia, a\u00e7\u00e3o por danos morais coletivos contra o ministro da Economia, Paulo Guedes. Motivo: as declara\u00e7\u00f5es adotadas contra os servidores p\u00fablicos e, mais recentemente, contra os servidores do Fisco brasileiro.<\/p>\n<p>&nbsp;<\/p>\n<p>Segundo a Febrafite, entre as ofensas mais graves feitas por Guedes est\u00e3o a compara\u00e7\u00e3o dos servidores a \u201cparasitas\u201d, a afirma\u00e7\u00e3o de que o Estado (hospedeiro) estaria morrendo para que funcionalismo fique em casa, \u201ctrancado, com geladeira cheia, assistindo \u00e0 crise\u201d e que \u201ctem fiscal pedindo, chantageando a companhia para n\u00e3o ser multada\u201d.<\/p>\n<p>&nbsp;<\/p>\n<p>Na A\u00e7\u00e3o Civil P\u00fablica, os fiscais de renda pedem a condena\u00e7\u00e3o pessoal do ministro, de forma solid\u00e1ria, ao pagamento de indeniza\u00e7\u00e3o por danos morais, de R$ 200 mil, que ser\u00e1 revertido para entidades de assist\u00eancia social que se destacam no combate \u00e0 pandemia do novo coronav\u00edrus.<\/p>\n<p>&nbsp;<\/p>\n<p><strong>Opini\u00e3o p\u00fablica<\/strong><\/p>\n<p>&nbsp;<\/p>\n<p>Na avalia\u00e7\u00e3o do presidente Febrafite, Rodrigo Spada, o comportamento de Guedes &#8220;demonstra, claramente, seus objetivos, de colocar a opini\u00e3o p\u00fablica contra os servidores e, em consequ\u00eancia, justificar a retirada de direitos&#8221;. Spada afirma que \u201co servidor p\u00fablico \u00e9 essencial para o correto funcionamento da na\u00e7\u00e3o, e seu \u00e1rduo trabalho n\u00e3o pode ser desmerecido, ainda mais por quem tem a obriga\u00e7\u00e3o de representar o cidad\u00e3o na constru\u00e7\u00e3o de um pa\u00eds mais justo\u201d.<\/p>\n<p>&nbsp;<\/p>\n<p>O presidente da Febrafite vai al\u00e9m e assinala que &#8220;o ministro dep\u00f5e contra o pr\u00f3prio Estado, ao atacar a institui\u00e7\u00e3o que deveria defender, em especial a administra\u00e7\u00e3o tribut\u00e1ria, \u00f3rg\u00e3o respons\u00e1vel pela arrecada\u00e7\u00e3o dos recursos p\u00fablicos, t\u00e3o necess\u00e1rios para o enfrentamento da crise econ\u00f4mica provocada pela pandemia\u201d.<\/p>\n<p>&nbsp;<\/p>\n<p>Na a\u00e7\u00e3o, a Assessoria Jur\u00eddica da Federa\u00e7\u00e3o argumenta que a postura de Guedes fere o C\u00f3digo de \u00c9tica da Administra\u00e7\u00e3o Federal, viola direitos constitucionais garantidos como a honra, a dignidade, a imagem e a privacidade dos servidores. Ressalta ainda que as autoridades p\u00fablicas devem primar, durante todo o exerc\u00edcio dos seus cargos, pelo respeito \u00e0 dignidade da pessoa humana, cujos atos devem ser submetidos aos princ\u00edpios da moralidade e da impessoalidade.<\/p>\n<p>Para as entidades que assinam a a\u00e7\u00e3o, as ofensas acirram os \u00e2nimos, paralisa o Estado e joga para o servidor o \u00f4nus decorrente da m\u00e1 gest\u00e3o e do desequil\u00edbrio fiscal. Assinam o documento, al\u00e9m da Febrafite, a Fenafisco (Federa\u00e7\u00e3o Nacional do Fisco Estadual e Distrital), a Anafisco (Associa\u00e7\u00e3o Nacional dos Auditores Fiscais de Tributos dos Munic\u00edpios e Distrito Federal), o Sindifisco Nacional (Sindicato Nacional dos Auditores Fiscais da Receita Federal do Brasil), a Fenafim (Federa\u00e7\u00e3o Nacional dos Auditores Fiscais Municipais), o Sinat (Sindicato Nacional dos Auditores Fiscais do Trabalho) e a Unafisco Nacional (Associa\u00e7\u00e3o Nacional dos Auditores Fiscais da Receita Federal do Brasil).<\/p>\n<p>&nbsp;<\/p>\n<p><em>Bras\u00edlia, 18h28min<\/em><\/p>\n","protected":false},"excerpt":{"rendered":"<p>A rela\u00e7\u00e3o entre os servidores e o ministro da Economia, Paulo Guedes, vai de mal a pior. N\u00e3o por acaso, a\u00a0Federa\u00e7\u00e3o Brasileira de Associa\u00e7\u00f5es de Fiscais de Tributos Estaduais (Febrafite), em conjunto com v\u00e1rias entidades, protocolou, nesta segunda-feira (04\/05), na Justi\u00e7a Federal, em Bras\u00edlia, a\u00e7\u00e3o por danos morais coletivos contra o ministro da Economia, Paulo [&hellip;]<\/p>\n","protected":false},"author":22,"featured_media":10371,"comment_status":"open","ping_status":"closed","sticky":false,"template":"","format":"standard","meta":{"footnotes":""},"categories":[600],"tags":[3467,4603,3211,3616,282,123],"class_list":["post-14014","post","type-post","status-publish","format-standard","has-post-thumbnail","hentry","category-economia","tag-acao","tag-danos-morais","tag-febrafite","tag-guedes","tag-justica","tag-servidores"],"_links":{"self":[{"href":"https:\/\/blogs.correiobraziliense.com.br\/vicente\/wp-json\/wp\/v2\/posts\/14014","targetHints":{"allow":["GET"]}}],"collection":[{"href":"https:\/\/blogs.correiobraziliense.com.br\/vicente\/wp-json\/wp\/v2\/posts"}],"about":[{"href":"https:\/\/blogs.correiobraziliense.com.br\/vicente\/wp-json\/wp\/v2\/types\/post"}],"author":[{"embeddable":true,"href":"https:\/\/blogs.correiobraziliense.com.br\/vicente\/wp-json\/wp\/v2\/users\/22"}],"replies":[{"embeddable":true,"href":"https:\/\/blogs.correiobraziliense.com.br\/vicente\/wp-json\/wp\/v2\/comments?post=14014"}],"version-history":[{"count":0,"href":"https:\/\/blogs.correiobraziliense.com.br\/vicente\/wp-json\/wp\/v2\/posts\/14014\/revisions"}],"wp:featuredmedia":[{"embeddable":true,"href":"https:\/\/blogs.correiobraziliense.com.br\/vicente\/wp-json\/wp\/v2\/media\/10371"}],"wp:attachment":[{"href":"https:\/\/blogs.correiobraziliense.com.br\/vicente\/wp-json\/wp\/v2\/media?parent=14014"}],"wp:term":[{"taxonomy":"category","embeddable":true,"href":"https:\/\/blogs.correiobraziliense.com.br\/vicente\/wp-json\/wp\/v2\/categories?post=14014"},{"taxonomy":"post_tag","embeddable":true,"href":"https:\/\/blogs.correiobraziliense.com.br\/vicente\/wp-json\/wp\/v2\/tags?post=14014"}],"curies":[{"name":"wp","href":"https:\/\/api.w.org\/{rel}","templated":true}]}}