{"id":14009,"date":"2020-05-01T20:14:37","date_gmt":"2020-05-01T23:14:37","guid":{"rendered":"https:\/\/blogs.correiobraziliense.com.br\/vicente\/?p=14009"},"modified":"2020-05-01T20:14:37","modified_gmt":"2020-05-01T23:14:37","slug":"aproveitem-feriadao-com-gasolina-a-quase-r-3-o-litro","status":"publish","type":"post","link":"https:\/\/blogs.correiobraziliense.com.br\/vicente\/aproveitem-feriadao-com-gasolina-a-quase-r-3-o-litro\/","title":{"rendered":"Aproveitem: feriad\u00e3o com gasolina a quase R$ 3 o litro"},"content":{"rendered":"<h2>Para aqueles que realmente precisam sair de casa, uma boa not\u00edcia: \u00e9 poss\u00edvel encher o tanque do carro com gasolina a quase R$ 3, o que n\u00e3o se via h\u00e1 pelo menos dois anos no Distrito Federal.<\/h2>\n<p>&nbsp;<\/p>\n<p>Com o movimento em baixa \u2014 em alguns estabelecimentos, o consumo de combust\u00edveis caiu at\u00e9 50% \u2014, os postos, em sua maioria, est\u00e3o repassando as redu\u00e7\u00f5es de pre\u00e7os nas refinarias para os consumidores.<\/p>\n<p>&nbsp;<\/p>\n<p>Desde o in\u00edcio do ano, a Petrobras j\u00e1 baixou os pre\u00e7os da gasolina nas refinarias em mais de 50%. Isso est\u00e1 sendo poss\u00edvel porque os estoques da petroleira est\u00e3o altos e a cota\u00e7\u00e3o do petr\u00f3leo desabou no mercado internacional.<\/p>\n<p>&nbsp;<\/p>\n<p>Em \u00c1guas Claras, o litro da gasolina est\u00e1 sendo vendido por at\u00e9 R$ 3,109. Em Taguatinga, o combust\u00edvel pode ser encontrado por R$ 4,229. Quem passar pelo Setor de Ind\u00fastria e Abastecimento (SIA), pagar\u00e1 R$ 3,299.<\/p>\n<p>&nbsp;<\/p>\n<p>&#8220;Neste momento de pandemia do novo coronav\u00edrus, o consumo de combust\u00edveis caiu muito. At\u00e9 deu uma melhorada na \u00faltima semana, pois mais carros passaram a circular pela cidade, mas estamos longe do pico de vendas&#8221;, afirma um gerente de um posto.<\/p>\n<p>&nbsp;<\/p>\n<p>Segundo ele, n\u00e3o h\u00e1 perspectiva, t\u00e3o cedo, de os pre\u00e7os da gasolina voltarem a subir. &#8220;Pelo contr\u00e1rio, por enquanto, a tend\u00eancia \u00e9 de baixa&#8221;, frisa o gerente. &#8220;A economia est\u00e1 em recess\u00e3o e est\u00e1 sobrando petr\u00f3leo no mundo&#8221;, diz.<\/p>\n<p>&nbsp;<\/p>\n<p>Para o servidor p\u00fablico Paulo Soares, 33 anos, que precisou sair der casa para as compras do m\u00eas, \u00e9 sempre bom encontrar a gasolina mais barata. &#8220;Havia quase 30 dias que n\u00e3o sa\u00eda de casa. Os pre\u00e7os dos combust\u00edveis ca\u00edram muito desde ent\u00e3o&#8221;, ressalta.<\/p>\n<p>&nbsp;<\/p>\n<p>Pelos c\u00e1lculos dos economistas, a infla\u00e7\u00e3o mais barata est\u00e1 sendo fundamental para jogar a infla\u00e7\u00e3o para baixo. \u00c9 poss\u00edvel, na avalia\u00e7\u00e3o deles, que vejamos \u00edndices negativos em abril e maio. Para o ano, preveem alta de apenas 1,8% do \u00cdndice de Pre\u00e7os ao Consumidor Amplo (IPCA).<\/p>\n<p>&nbsp;<\/p>\n<p><em>Bras\u00edlia, 20h14min<\/em><\/p>\n","protected":false},"excerpt":{"rendered":"<p>Para aqueles que realmente precisam sair de casa, uma boa not\u00edcia: \u00e9 poss\u00edvel encher o tanque do carro com gasolina a quase R$ 3, o que n\u00e3o se via h\u00e1 pelo menos dois anos no Distrito Federal. &nbsp; Com o movimento em baixa \u2014 em alguns estabelecimentos, o consumo de combust\u00edveis caiu at\u00e9 50% \u2014, [&hellip;]<\/p>\n","protected":false},"author":22,"featured_media":12528,"comment_status":"open","ping_status":"closed","sticky":false,"template":"","format":"standard","meta":{"footnotes":""},"categories":[600],"tags":[2341,4419,3256,268,4510,228,1459,269],"class_list":["post-14009","post","type-post","status-publish","format-standard","has-post-thumbnail","hentry","category-economia","tag-consumo","tag-coronavirus","tag-feriadao","tag-gasolina","tag-pandemia","tag-petrobras","tag-petroleo","tag-preco"],"_links":{"self":[{"href":"https:\/\/blogs.correiobraziliense.com.br\/vicente\/wp-json\/wp\/v2\/posts\/14009","targetHints":{"allow":["GET"]}}],"collection":[{"href":"https:\/\/blogs.correiobraziliense.com.br\/vicente\/wp-json\/wp\/v2\/posts"}],"about":[{"href":"https:\/\/blogs.correiobraziliense.com.br\/vicente\/wp-json\/wp\/v2\/types\/post"}],"author":[{"embeddable":true,"href":"https:\/\/blogs.correiobraziliense.com.br\/vicente\/wp-json\/wp\/v2\/users\/22"}],"replies":[{"embeddable":true,"href":"https:\/\/blogs.correiobraziliense.com.br\/vicente\/wp-json\/wp\/v2\/comments?post=14009"}],"version-history":[{"count":0,"href":"https:\/\/blogs.correiobraziliense.com.br\/vicente\/wp-json\/wp\/v2\/posts\/14009\/revisions"}],"wp:featuredmedia":[{"embeddable":true,"href":"https:\/\/blogs.correiobraziliense.com.br\/vicente\/wp-json\/wp\/v2\/media\/12528"}],"wp:attachment":[{"href":"https:\/\/blogs.correiobraziliense.com.br\/vicente\/wp-json\/wp\/v2\/media?parent=14009"}],"wp:term":[{"taxonomy":"category","embeddable":true,"href":"https:\/\/blogs.correiobraziliense.com.br\/vicente\/wp-json\/wp\/v2\/categories?post=14009"},{"taxonomy":"post_tag","embeddable":true,"href":"https:\/\/blogs.correiobraziliense.com.br\/vicente\/wp-json\/wp\/v2\/tags?post=14009"}],"curies":[{"name":"wp","href":"https:\/\/api.w.org\/{rel}","templated":true}]}}