{"id":14007,"date":"2020-04-30T23:24:23","date_gmt":"2020-05-01T02:24:23","guid":{"rendered":"https:\/\/blogs.correiobraziliense.com.br\/vicente\/?p=14007"},"modified":"2020-04-30T23:24:23","modified_gmt":"2020-05-01T02:24:23","slug":"perdas-do-bc-com-swap-cambial-pioram-conta-unica-do-tesouro","status":"publish","type":"post","link":"https:\/\/blogs.correiobraziliense.com.br\/vicente\/perdas-do-bc-com-swap-cambial-pioram-conta-unica-do-tesouro\/","title":{"rendered":"Perdas do BC com swap cambial pioram conta \u00fanica do Tesouro"},"content":{"rendered":"<p><span style=\"font-weight: 400\">ROSANA HESSEL<\/span><\/p>\n<p>&nbsp;<\/p>\n<p><span style=\"font-weight: 400\">A piora nas contas do setor p\u00fablico consolidado foram puxadas pelo aumento da conta de juros devido \u00e0s perdas de R$ 31,3 bilh\u00f5es com contratos futuros de swap cambial. Esse preju\u00edzo contribuiu para que a conta de juros praticamente dobrasse, saltando para R$ 56 bilh\u00f5es, e, com isso, elevando o deficit nominal para R$ 79,7 bilh\u00f5es, o maior da hist\u00f3ria para o m\u00eas. Esse preju\u00edzo a<\/span><span style=\"font-weight: 400\">gravou o quadro da conta \u00fanica do Tesouro Nacional.<\/span><\/p>\n<p>&nbsp;<\/p>\n<p><span style=\"font-weight: 400\">As perdas continuaram em abril enquanto o d\u00f3lar inaugura m\u00e1ximas em meio ao aumento de incertezas pol\u00edticas e econ\u00f4micas devido \u00e0 Covid-19, pandemia provocada pelo novo coronav\u00edrus.\u00a0<\/span><span style=\"font-weight: 400\">At\u00e9 o \u00faltimo dia 24, o preju\u00edzo com opera\u00e7\u00f5es de swap cambial chegou a R$ 14,7 bilh\u00f5es e, no acumulado do ano, o saldo negativo na conta \u00fanica do Tesouro ficou em R$ 61,2 bilh\u00f5es, de acordo com os dados do BC.\u00a0\u00a0<\/span><\/p>\n<p>&nbsp;<\/p>\n<p><span style=\"font-weight: 400\">\u201cEssa conta vinha dando lucros com a valoriza\u00e7\u00e3o das reservas at\u00e9 o ano passado, mas chama a aten\u00e7\u00e3o agora o tamanho do saldo negativo\u201d, alertou a economista Vilma Pinto, pesquisadora da \u00e1rea de Economia Aplicada do Instituto Brasileiro de Economia da Funda\u00e7\u00e3o Getulio Vargas (Ibre-FGV). Conforme os dados do BC, esse \u00e9 o pior resultado desde 2015, quando as perdas somaram R$ 89,6 bilh\u00f5es no acumulado em 12 meses.\u00a0 &#8220;<\/span><span style=\"font-weight: 400\">Se a conta \u00fanica continuar no vermelho, o governo n\u00e3o poder\u00e1 contar com esses recursos para ajudar nas contas p\u00fablicas, mesmo de forma cont\u00e1bil&#8221;, afirmou.<\/span><\/p>\n<p>&nbsp;<\/p>\n<p><span style=\"font-weight: 400\">Vale lembrar que, nos \u00faltimos anos, os ganhos do BC com reservas contabilizados na conta \u00fanica do Tesouro (mesmo sem a venda de parte do estoque) ajudaram o governo federal cobrir a insufici\u00eancia de recursos para o cumprimento da regra de ouro. Prevista na Constitui\u00e7\u00e3o, a norma pro\u00edbe que o governo se emita d\u00edvida para cobrir excesso de despesas correntes, como sal\u00e1rios e aposentadorias. Agora, com essa conta no vermelho, o governo ainda vai precisar se endividar para tapar esse buraco.<\/span><\/p>\n<p>&nbsp;<\/p>\n<p><span style=\"font-weight: 400\">O\u00a0<\/span><span style=\"font-weight: 400\">chefe do Departamento de Estat\u00edsticas, Fernando Rocha, acredita que esse cen\u00e1rio de perdas com swap cambial n\u00e3o dever\u00e1 ser uma tend\u00eancia se o d\u00f3lar continuar em patamares elevados como atual. &#8220;N\u00e3o \u00e9 uma tend\u00eancia&#8221;, garantiu.<\/span><\/p>\n<p>&nbsp;<\/p>\n<p><span style=\"font-weight: 400\">No acumulado em 12 meses at\u00e9 mar\u00e7o, o deficit nominal chegou a R$ 457,9 bilh\u00f5es, ou 6,24% do Produto Interno Bruto (PIB), o maior patamar desde novembro de 2019. E, com o avan\u00e7o da Covid-19 pelo pa\u00eds que j\u00e1 tem mais de 5,9 mil mortes, a tend\u00eancia \u00e9 que ele aumente devido \u00e0 paralisa\u00e7\u00e3o da atividade econ\u00f4mica diante da perspectiva de amplia\u00e7\u00e3o dos confinamento social nas cidades, de forma mais r\u00edgida. A arrecada\u00e7\u00e3o dos governos federal e regionais deve despencar e as contas p\u00fablicas, devido ao aumento dos gastos, v\u00e3o ficar totalmente desequilibradas, com rombos cada vez maiores, segundo especialistas.<\/span><\/p>\n<p>&nbsp;<\/p>\n<p><b>Piora nos estados<\/b><\/p>\n<p>&nbsp;<\/p>\n<p><span style=\"font-weight: 400\">Em mar\u00e7o, o rombo do setor p\u00fablico consolidado em mar\u00e7o ficou em R$ 23,7 bilh\u00f5es, dado 27,4% superior ao deficit prim\u00e1rio de R$ 18,6 bilh\u00f5es no mesmo m\u00eas do ano passado, conforme dados do Banco Central divulgados nesta quinta-feira (30\/04).\u00a0 E o quadro foi pior para estados e munic\u00edpios. Ap\u00f3s registrarem superavit prim\u00e1rio de R$ 5,2 bilh\u00f5es em fevereiro, os governos regionais registraram um deficit prim\u00e1rio R$ 2,7 bilh\u00f5es. No ano anterior, o saldo positivo tinha sido de R$ 1,5 bilh\u00e3o. \u00c9 a primeira vez que isso ocorre no m\u00eas de mar\u00e7o desde a recess\u00e3o de 2015 e 2016, segundo a autoridade monet\u00e1ria.\u00a0<\/span><\/p>\n<p>&nbsp;<\/p>\n<p><span style=\"font-weight: 400\">O resultado do governo central (que inclui Tesouro Nacional, Banco Central e Previd\u00eancia Social) encerrou mar\u00e7o no vermelho em R$ 21,4 bilh\u00f5es, de acordo com os dados do BC. Segundo Rocha,\u00a0<\/span><span style=\"font-weight: 400\">os dados de arrecada\u00e7\u00e3o dos governos regionais t\u00eam uma defasagem no relat\u00f3rio fiscal do BC e, por conta disso, o maior impacto dessa piora no resultado prim\u00e1rio est\u00e1 relacionado com a redu\u00e7\u00e3o dos repasses da Uni\u00e3o aos estados e aos munic\u00edpios<\/span><span style=\"font-weight: 400\">. <\/span><span style=\"font-weight: 400\">\u201cHouve uma queda das transfer\u00eancias para governos regionais de 4,8% em mar\u00e7o na compara\u00e7\u00e3o com o mesmo per\u00edodo de 2019. Os estados receberam menos receitas e tiveram que usar outras fontes para aumentar gastos correntes e, por isso, tiveram deficit prim\u00e1rio no m\u00eas\u201d, afirmou Rocha, durante videoconfer\u00eancia com jornalistas.<\/span><\/p>\n<p>&nbsp;<\/p>\n<p><span style=\"font-weight: 400\">A especialista em contas p\u00fablicas refor\u00e7ou que os dados preliminares mostram uma queda brusca na arrecada\u00e7\u00e3o dos governos de forma geral e isso deve se refletir mais a partir de abril e, no caso do governo central. \u201cOs estados come\u00e7aram a gastar mais contra a pandemia, mas isso tem um tempo para aparecerem nos dados do BC. O grosso dos gastos aconteceu no fim de mar\u00e7o e em abril e isso vai aparecer nos pr\u00f3ximos relat\u00f3rios\u201d, comentou Vilma. Com base em dados nacionais sobre notas fiscais eletr\u00f4nicas consolidados pela secretaria de Fazenda do Rio Grande do Sul, houve queda de 25,2% em rela\u00e7\u00e3o ao mesmo m\u00eas de 2019. \u201cDe fato, vamos enxergar em abril uma deteriora\u00e7\u00e3o maior nas contas p\u00fablicas a partir de abril\u201d, destacou.\u00a0<\/span><\/p>\n<p>&nbsp;<\/p>\n<p><b>D\u00edvida explodindo<\/b><\/p>\n<p>&nbsp;<\/p>\n<p><span style=\"font-weight: 400\">O economista-chefe para Am\u00e9rica Latina do Goldman Sachs, Alberto Ramos, tamb\u00e9m prev\u00ea piora nas contas p\u00fablicas do Brasil diante do aumento dos gastos p\u00fablicos para conter a pandemia. \u201cEsperamos que o quadro da d\u00edvida p\u00fablica e fiscal se deteriore significativamente nos pr\u00f3ximos meses, devido \u00e0 profunda recess\u00e3o esperada e ao al\u00edvio tribut\u00e1rio relacionado ao surto de Covid-19\u201d destacou. Ele prev\u00ea deficit prim\u00e1rio poder\u00e1 \u201cprovavelmente acima de 8% do PIB\u201d, podendo ficar em dois d\u00edgitos, fazendo com que a d\u00edvida p\u00fablica bruta ficar perto de 90% do PIB.\u00a0<\/span><\/p>\n<p>&nbsp;<\/p>\n<p><span style=\"font-weight: 400\">Vilma, do Ibre, tem previs\u00f5es parecidas com as do secret\u00e1rio do Tesouro Nacional, Mansueto Almeida, pois prev\u00ea um rombo de R$ 600 bilh\u00f5es nas contas do setor p\u00fablico consolidado, o equivalente a 8% do PIB. Contudo est\u00e1 mais pessimista do que o governo em rela\u00e7\u00e3o ao deficit prim\u00e1rio do governo central, pois espera R$ 560 bilh\u00f5es, dado R$ 10 bilh\u00f5es acima do estimado por Mansueto.Contudo, ela admite que esses dados devem piorar, porque o Ibre est\u00e1 revendo as proje\u00e7\u00f5es de queda no PIB, que est\u00e3o em 3,4%, mas devem ser superiores a 5%. \u201cCom a nossa proje\u00e7\u00e3o de queda de 3,4% no PIB, a d\u00edvida p\u00fablica est\u00e1 em 89% e, portanto, deve passar de 90%,\u00a0 mas esse n\u00famero ainda est\u00e1 em revis\u00e3o\u201d, adiantou.<\/span><\/p>\n<p>&nbsp;<\/p>\n","protected":false},"excerpt":{"rendered":"<p>ROSANA HESSEL &nbsp; A piora nas contas do setor p\u00fablico consolidado foram puxadas pelo aumento da conta de juros devido \u00e0s perdas de R$ 31,3 bilh\u00f5es com contratos futuros de swap cambial. Esse preju\u00edzo contribuiu para que a conta de juros praticamente dobrasse, saltando para R$ 56 bilh\u00f5es, e, com isso, elevando o deficit nominal [&hellip;]<\/p>\n","protected":false},"author":22,"featured_media":0,"comment_status":"open","ping_status":"closed","sticky":false,"template":"","format":"standard","meta":{"footnotes":""},"categories":[600],"tags":[3,542,4599,3300,1030,121],"class_list":["post-14007","post","type-post","status-publish","format-standard","hentry","category-economia","tag-banco-central","tag-contas-publicas","tag-goldman","tag-ibre","tag-swap-cambial","tag-tesouro-nacional"],"_links":{"self":[{"href":"https:\/\/blogs.correiobraziliense.com.br\/vicente\/wp-json\/wp\/v2\/posts\/14007","targetHints":{"allow":["GET"]}}],"collection":[{"href":"https:\/\/blogs.correiobraziliense.com.br\/vicente\/wp-json\/wp\/v2\/posts"}],"about":[{"href":"https:\/\/blogs.correiobraziliense.com.br\/vicente\/wp-json\/wp\/v2\/types\/post"}],"author":[{"embeddable":true,"href":"https:\/\/blogs.correiobraziliense.com.br\/vicente\/wp-json\/wp\/v2\/users\/22"}],"replies":[{"embeddable":true,"href":"https:\/\/blogs.correiobraziliense.com.br\/vicente\/wp-json\/wp\/v2\/comments?post=14007"}],"version-history":[{"count":1,"href":"https:\/\/blogs.correiobraziliense.com.br\/vicente\/wp-json\/wp\/v2\/posts\/14007\/revisions"}],"predecessor-version":[{"id":14008,"href":"https:\/\/blogs.correiobraziliense.com.br\/vicente\/wp-json\/wp\/v2\/posts\/14007\/revisions\/14008"}],"wp:attachment":[{"href":"https:\/\/blogs.correiobraziliense.com.br\/vicente\/wp-json\/wp\/v2\/media?parent=14007"}],"wp:term":[{"taxonomy":"category","embeddable":true,"href":"https:\/\/blogs.correiobraziliense.com.br\/vicente\/wp-json\/wp\/v2\/categories?post=14007"},{"taxonomy":"post_tag","embeddable":true,"href":"https:\/\/blogs.correiobraziliense.com.br\/vicente\/wp-json\/wp\/v2\/tags?post=14007"}],"curies":[{"name":"wp","href":"https:\/\/api.w.org\/{rel}","templated":true}]}}