{"id":13999,"date":"2020-04-30T19:35:22","date_gmt":"2020-04-30T22:35:22","guid":{"rendered":"https:\/\/blogs.correiobraziliense.com.br\/vicente\/?p=13999"},"modified":"2020-04-30T20:12:16","modified_gmt":"2020-04-30T23:12:16","slug":"procuradoria-do-rio-evita-perdas-de-r-90-milhoes-ao-estado","status":"publish","type":"post","link":"https:\/\/blogs.correiobraziliense.com.br\/vicente\/procuradoria-do-rio-evita-perdas-de-r-90-milhoes-ao-estado\/","title":{"rendered":"Procuradoria do Rio evita perdas de R$ 90 milh\u00f5es ao estado"},"content":{"rendered":"<h2>\u00c9 incr\u00edvel a cara de pau de algumas empresas, que n\u00e3o est\u00e3o nem a\u00ed para a grav\u00edssima situa\u00e7\u00e3o pela qual o pa\u00eds est\u00e1 passando por causa da pandemia do novo coronav\u00edrus. Que o diga a CRH Sudeste Ind\u00fastria de Cimento, de um grupo multinacional presente nos principais polos industriais do mundo.<\/h2>\n<p>&nbsp;<\/p>\n<p>A companhia tentou suspender, judicialmente, o pagamento do Imposto sobre Circula\u00e7\u00e3o de Mercadorias e Servi\u00e7os (ICMS), apesar de o tributo j\u00e1 ter sido embutido no pre\u00e7o pago pelos consumidores e de a ind\u00fastria de constru\u00e7\u00e3o civil se manter em opera\u00e7\u00e3o normalmente. A meta era deixar de pagar R$ 90 milh\u00f5es aos cofres p\u00fablicos.<\/p>\n<p>&nbsp;<\/p>\n<p>Diante do precedente, que poderia agravar a falta de recursos nesse momento de crise, a Procuradoria-Geral do Estado do Rio de Janeiro (PGE-RJ) atuou em ju\u00edzo e conseguiu que o pedido fosse integralmente rejeitado.<\/p>\n<p>&nbsp;<\/p>\n<p>Segundo dados da Secretaria de Estado de Fazenda, h\u00e1 expectativa de redu\u00e7\u00e3o de 30% na arrecada\u00e7\u00e3o de ICMS em 2020 entre as pequenas empresas, durante a pandemia, cerca de 1,4 milh\u00e3o de contribuintes no Rio de Janeiro.<\/p>\n<p>&nbsp;<\/p>\n<p>A extens\u00e3o dessa benesse \u00e0s grandes empresas, como a CRH Sudeste Ind\u00fastria de Cimento, teria efeitos catastr\u00f3ficos para os combalidos cofres do Rio.<\/p>\n<p>&nbsp;<\/p>\n<p><em>Bras\u00edlia, 19h35min<\/em><\/p>\n","protected":false},"excerpt":{"rendered":"<p>\u00c9 incr\u00edvel a cara de pau de algumas empresas, que n\u00e3o est\u00e3o nem a\u00ed para a grav\u00edssima situa\u00e7\u00e3o pela qual o pa\u00eds est\u00e1 passando por causa da pandemia do novo coronav\u00edrus. Que o diga a CRH Sudeste Ind\u00fastria de Cimento, de um grupo multinacional presente nos principais polos industriais do mundo. &nbsp; A companhia tentou [&hellip;]<\/p>\n","protected":false},"author":22,"featured_media":0,"comment_status":"open","ping_status":"closed","sticky":false,"template":"","format":"standard","meta":{"footnotes":""},"categories":[600],"tags":[4596,2597,4587],"class_list":["post-13999","post","type-post","status-publish","format-standard","hentry","category-economia","tag-crh-sudeste-industria-de-cimento","tag-icms","tag-pagamento"],"_links":{"self":[{"href":"https:\/\/blogs.correiobraziliense.com.br\/vicente\/wp-json\/wp\/v2\/posts\/13999","targetHints":{"allow":["GET"]}}],"collection":[{"href":"https:\/\/blogs.correiobraziliense.com.br\/vicente\/wp-json\/wp\/v2\/posts"}],"about":[{"href":"https:\/\/blogs.correiobraziliense.com.br\/vicente\/wp-json\/wp\/v2\/types\/post"}],"author":[{"embeddable":true,"href":"https:\/\/blogs.correiobraziliense.com.br\/vicente\/wp-json\/wp\/v2\/users\/22"}],"replies":[{"embeddable":true,"href":"https:\/\/blogs.correiobraziliense.com.br\/vicente\/wp-json\/wp\/v2\/comments?post=13999"}],"version-history":[{"count":1,"href":"https:\/\/blogs.correiobraziliense.com.br\/vicente\/wp-json\/wp\/v2\/posts\/13999\/revisions"}],"predecessor-version":[{"id":14000,"href":"https:\/\/blogs.correiobraziliense.com.br\/vicente\/wp-json\/wp\/v2\/posts\/13999\/revisions\/14000"}],"wp:attachment":[{"href":"https:\/\/blogs.correiobraziliense.com.br\/vicente\/wp-json\/wp\/v2\/media?parent=13999"}],"wp:term":[{"taxonomy":"category","embeddable":true,"href":"https:\/\/blogs.correiobraziliense.com.br\/vicente\/wp-json\/wp\/v2\/categories?post=13999"},{"taxonomy":"post_tag","embeddable":true,"href":"https:\/\/blogs.correiobraziliense.com.br\/vicente\/wp-json\/wp\/v2\/tags?post=13999"}],"curies":[{"name":"wp","href":"https:\/\/api.w.org\/{rel}","templated":true}]}}