{"id":13994,"date":"2020-04-30T19:10:06","date_gmt":"2020-04-30T22:10:06","guid":{"rendered":"https:\/\/blogs.correiobraziliense.com.br\/vicente\/?p=13994"},"modified":"2020-04-30T19:34:41","modified_gmt":"2020-04-30T22:34:41","slug":"inss-mantem-pericias-medicas-por-sistema-remoto-ate-22-de-maio","status":"publish","type":"post","link":"https:\/\/blogs.correiobraziliense.com.br\/vicente\/inss-mantem-pericias-medicas-por-sistema-remoto-ate-22-de-maio\/","title":{"rendered":"INSS mant\u00e9m per\u00edcias m\u00e9dicas por sistema remoto at\u00e9 22 de maio"},"content":{"rendered":"<h2>Diante do decreto de estado de emerg\u00eancia na \u00e1rea de sa\u00fade, devido \u00e0 pandemia do novo coronav\u00edrus, o Instituto Nacional do Seguro Social (INSS) decidiu manter suspensa, at\u00e9 22 de maio, a realiza\u00e7\u00e3o de per\u00edcias m\u00e9dicas de forma presencial.<\/h2>\n<p>&nbsp;<\/p>\n<p>Segundo o INSS, os segurados que conseguiram agendar per\u00edcias m\u00e9dicas nas ag\u00eancias devem desconsiderar a marca\u00e7\u00e3o, tendo em vista a publica\u00e7\u00e3o da Portaria Conjunta n\u00ba 13, no Di\u00e1rio Oficial da Uni\u00e3o, que prorroga o atendimento remoto nas ag\u00eancias.<\/p>\n<p>&nbsp;<\/p>\n<p>O INSS informa ainda que a an\u00e1lise dos requerimentos de benef\u00edcios continua a ser feita de forma normal, com base nos atestados enviados por meio do Meu INSS, site e aplicativo. &#8220;Desde que foi iniciado o atendimento remoto das ag\u00eancias de todo o pais, os segurados est\u00e3o dispensados da per\u00edcia m\u00e9dica presencial para fins de recebimento da antecipa\u00e7\u00e3o do auxilio-doen\u00e7a no valor de um sal\u00e1rio m\u00ednimo&#8221;, frisa.<\/p>\n<p>&nbsp;<\/p>\n<p>\u00c9 importante, no entanto, destacar que os segurados n\u00e3o precisam sair de casa, em especial os idosos, evitando, assim, a exposi\u00e7\u00e3o ao risco de cont\u00e1gio da Covid-19, que j\u00e1 matou quase 6 mil pessoas no pa\u00eds. A dissemina\u00e7\u00e3o da doen\u00e7a d\u00e1 sinais de que saiu do controle.<\/p>\n<p>&nbsp;<\/p>\n<p>Segundo o INSS, aqueles que fizeram requerimentos de aux\u00edlio-doen\u00e7a, com marca\u00e7\u00e3o de per\u00edcia, n\u00e3o devem se dirigir at\u00e9 a ag\u00eancia. &#8220;Esses segurados devem enviar o atestado m\u00e9dico pelo Meu INSS, aplicativo ou internet, para que a Per\u00edcia M\u00e9dica Federal fa\u00e7a a an\u00e1lise de conformidade do documento&#8221;, informa.<\/p>\n<p>&nbsp;<\/p>\n<p><em>Bras\u00edlia, 19h10min<\/em><\/p>\n","protected":false},"excerpt":{"rendered":"<p>Diante do decreto de estado de emerg\u00eancia na \u00e1rea de sa\u00fade, devido \u00e0 pandemia do novo coronav\u00edrus, o Instituto Nacional do Seguro Social (INSS) decidiu manter suspensa, at\u00e9 22 de maio, a realiza\u00e7\u00e3o de per\u00edcias m\u00e9dicas de forma presencial. &nbsp; Segundo o INSS, os segurados que conseguiram agendar per\u00edcias m\u00e9dicas nas ag\u00eancias devem desconsiderar a [&hellip;]<\/p>\n","protected":false},"author":22,"featured_media":9949,"comment_status":"open","ping_status":"closed","sticky":false,"template":"","format":"standard","meta":{"footnotes":""},"categories":[600],"tags":[452,4419,408,4594,4510,890,4595],"class_list":["post-13994","post","type-post","status-publish","format-standard","has-post-thumbnail","hentry","category-economia","tag-atendimento","tag-coronavirus","tag-inss","tag-medica","tag-pandemia","tag-pericia","tag-remoto"],"_links":{"self":[{"href":"https:\/\/blogs.correiobraziliense.com.br\/vicente\/wp-json\/wp\/v2\/posts\/13994","targetHints":{"allow":["GET"]}}],"collection":[{"href":"https:\/\/blogs.correiobraziliense.com.br\/vicente\/wp-json\/wp\/v2\/posts"}],"about":[{"href":"https:\/\/blogs.correiobraziliense.com.br\/vicente\/wp-json\/wp\/v2\/types\/post"}],"author":[{"embeddable":true,"href":"https:\/\/blogs.correiobraziliense.com.br\/vicente\/wp-json\/wp\/v2\/users\/22"}],"replies":[{"embeddable":true,"href":"https:\/\/blogs.correiobraziliense.com.br\/vicente\/wp-json\/wp\/v2\/comments?post=13994"}],"version-history":[{"count":1,"href":"https:\/\/blogs.correiobraziliense.com.br\/vicente\/wp-json\/wp\/v2\/posts\/13994\/revisions"}],"predecessor-version":[{"id":13996,"href":"https:\/\/blogs.correiobraziliense.com.br\/vicente\/wp-json\/wp\/v2\/posts\/13994\/revisions\/13996"}],"wp:featuredmedia":[{"embeddable":true,"href":"https:\/\/blogs.correiobraziliense.com.br\/vicente\/wp-json\/wp\/v2\/media\/9949"}],"wp:attachment":[{"href":"https:\/\/blogs.correiobraziliense.com.br\/vicente\/wp-json\/wp\/v2\/media?parent=13994"}],"wp:term":[{"taxonomy":"category","embeddable":true,"href":"https:\/\/blogs.correiobraziliense.com.br\/vicente\/wp-json\/wp\/v2\/categories?post=13994"},{"taxonomy":"post_tag","embeddable":true,"href":"https:\/\/blogs.correiobraziliense.com.br\/vicente\/wp-json\/wp\/v2\/tags?post=13994"}],"curies":[{"name":"wp","href":"https:\/\/api.w.org\/{rel}","templated":true}]}}