{"id":13989,"date":"2020-04-30T18:01:42","date_gmt":"2020-04-30T21:01:42","guid":{"rendered":"https:\/\/blogs.correiobraziliense.com.br\/vicente\/?p=13989"},"modified":"2020-04-30T19:19:37","modified_gmt":"2020-04-30T22:19:37","slug":"pf-prende-duas-pessoas-por-saques-ilegais-de-r-965-mil-de-auxilios-emergenciais","status":"publish","type":"post","link":"https:\/\/blogs.correiobraziliense.com.br\/vicente\/pf-prende-duas-pessoas-por-saques-ilegais-de-r-965-mil-de-auxilios-emergenciais\/","title":{"rendered":"PF prende duas pessoas por saques ilegais de R$ 96,5 mil de aux\u00edlios emergenciais"},"content":{"rendered":"<h2>As filas quilom\u00e9tricas em frente \u00e0s ag\u00eancias da Caixa Econ\u00f4mica Federal se tornaram rotina nos \u00faltimos dias. Milhares de pessoas enfrentam horas de espera para sacar o aux\u00edlio emergencial de R$ 600 pagos pelo governo federal.\u00a0Para os bandidos, no entanto, ter acesso a esses recursos est\u00e1 mais f\u00e1cil do que parece.<\/h2>\n<p>&nbsp;<\/p>\n<p>A Pol\u00edcia Federal no Maranh\u00e3o prendeu, em flagrante, duas pessoas na madrugada desta quinta-feira (30\/04), ap\u00f3s o saque indevido de R$ 96.573. Segundo policiais que participaram da opera\u00e7\u00e3o, a quantia corresponde ao aux\u00edlio emergencial pago por conta da pandemia do novo coronav\u00edrus (Covid-19).<\/p>\n<p>&nbsp;<\/p>\n<p>De acordo com a PF, os bandidos foram levados para a sede da Superintend\u00eancia Regional da corpora\u00e7\u00e3o no Maranh\u00e3o por policiais militares. Os dois foram surpreendidos com 108 cart\u00f5es do Bolsa Fam\u00edlia em nome de diversas pessoas e v\u00e1rios extratos banc\u00e1rios, que confirmaram os saques na ag\u00eancia da Caixa, localizada na Pra\u00e7a Jo\u00e3o Lisboa, no Centro de S\u00e3o Lu\u00eds.<\/p>\n<p>&nbsp;<\/p>\n<p>Os bandidos responder\u00e3o pelo crime de estelionato, previsto no Artigo 171, Par\u00e1grafo 3\u00ba, do C\u00f3digo Penal Brasileiro. A not\u00edcia da pris\u00e3o das duas pessoas provocou como\u00e7\u00e3o em S\u00e3o Lu\u00eds, onde as mortes pela Covid-19 est\u00e3o em disparada. O Maranh\u00e3o \u00e9 um dos estados mais pobres do pa\u00eds.<\/p>\n<p>&nbsp;<\/p>\n<p>Em todo o Brasil, s\u00e3o muitas as queixas em rela\u00e7\u00e3o \u00e0s dificuldades impostas pelo governo para os saques do aux\u00edlio emergencial. Mais de 13 milh\u00f5es de pessoas tiveram os pedidos de ajuda negados pelo governo.<\/p>\n<p>&nbsp;<\/p>\n<p><em>Bras\u00edlia, 18h01min<\/em><\/p>\n","protected":false},"excerpt":{"rendered":"<p>As filas quilom\u00e9tricas em frente \u00e0s ag\u00eancias da Caixa Econ\u00f4mica Federal se tornaram rotina nos \u00faltimos dias. Milhares de pessoas enfrentam horas de espera para sacar o aux\u00edlio emergencial de R$ 600 pagos pelo governo federal.\u00a0Para os bandidos, no entanto, ter acesso a esses recursos est\u00e1 mais f\u00e1cil do que parece. &nbsp; A Pol\u00edcia Federal [&hellip;]<\/p>\n","protected":false},"author":22,"featured_media":13992,"comment_status":"open","ping_status":"closed","sticky":false,"template":"","format":"standard","meta":{"footnotes":""},"categories":[600],"tags":[4593,2695,126,351,54],"class_list":["post-13989","post","type-post","status-publish","format-standard","has-post-thumbnail","hentry","category-economia","tag-auxilios-emergenciais","tag-maranhao","tag-policia-federal","tag-prisao","tag-saques"],"_links":{"self":[{"href":"https:\/\/blogs.correiobraziliense.com.br\/vicente\/wp-json\/wp\/v2\/posts\/13989","targetHints":{"allow":["GET"]}}],"collection":[{"href":"https:\/\/blogs.correiobraziliense.com.br\/vicente\/wp-json\/wp\/v2\/posts"}],"about":[{"href":"https:\/\/blogs.correiobraziliense.com.br\/vicente\/wp-json\/wp\/v2\/types\/post"}],"author":[{"embeddable":true,"href":"https:\/\/blogs.correiobraziliense.com.br\/vicente\/wp-json\/wp\/v2\/users\/22"}],"replies":[{"embeddable":true,"href":"https:\/\/blogs.correiobraziliense.com.br\/vicente\/wp-json\/wp\/v2\/comments?post=13989"}],"version-history":[{"count":1,"href":"https:\/\/blogs.correiobraziliense.com.br\/vicente\/wp-json\/wp\/v2\/posts\/13989\/revisions"}],"predecessor-version":[{"id":13993,"href":"https:\/\/blogs.correiobraziliense.com.br\/vicente\/wp-json\/wp\/v2\/posts\/13989\/revisions\/13993"}],"wp:featuredmedia":[{"embeddable":true,"href":"https:\/\/blogs.correiobraziliense.com.br\/vicente\/wp-json\/wp\/v2\/media\/13992"}],"wp:attachment":[{"href":"https:\/\/blogs.correiobraziliense.com.br\/vicente\/wp-json\/wp\/v2\/media?parent=13989"}],"wp:term":[{"taxonomy":"category","embeddable":true,"href":"https:\/\/blogs.correiobraziliense.com.br\/vicente\/wp-json\/wp\/v2\/categories?post=13989"},{"taxonomy":"post_tag","embeddable":true,"href":"https:\/\/blogs.correiobraziliense.com.br\/vicente\/wp-json\/wp\/v2\/tags?post=13989"}],"curies":[{"name":"wp","href":"https:\/\/api.w.org\/{rel}","templated":true}]}}