{"id":13984,"date":"2020-04-30T12:01:07","date_gmt":"2020-04-30T15:01:07","guid":{"rendered":"https:\/\/blogs.correiobraziliense.com.br\/vicente\/?p=13984"},"modified":"2020-04-30T12:32:39","modified_gmt":"2020-04-30T15:32:39","slug":"vamos-resistir-diz-um-ministro-do-stf-ante-ataques-de-bolsonaro","status":"publish","type":"post","link":"https:\/\/blogs.correiobraziliense.com.br\/vicente\/vamos-resistir-diz-um-ministro-do-stf-ante-ataques-de-bolsonaro\/","title":{"rendered":"&#8220;Vamos resistir&#8221;, diz um ministro do STF ante ataques de Bolsonaro"},"content":{"rendered":"<h2>A temperatura subiu no Supremo Tribunal Federal (STF) diante dos ataques do presidente Jair Bolsonaro ao ministro Alexandre de Moraes, que concedeu liminar impedido a posse de Alexandre Ramagem no comando da Pol\u00edcia Federal. Os ministros da mais alta Corte do pa\u00eds est\u00e3o convencidos de que Bolsonaro quer criar uma crise institucional.<\/h2>\n<p>&nbsp;<\/p>\n<p>Para um dos ministros ouvido pelo Blog, o presidente da Rep\u00fablica est\u00e1 disposto a cruzar a linha de seguran\u00e7a, mas, se fizer isso, ter\u00e1 de aguentar todas as consequ\u00eancia. Diz ele: &#8220;Vamos resistir&#8221;. Para esse ministro, Bolsonaro est\u00e1 agindo com desespero e perdendo a no\u00e7\u00e3o da realidade. &#8220;Esse comportamento do presidente s\u00f3 complica um quadro que j\u00e1 \u00e9 dram\u00e1tico&#8221;, frisa.<\/p>\n<p>&nbsp;<\/p>\n<p>O ministro lembra que Bolsonaro j\u00e1 se desentendeu com o Congresso e, agora, quer imp\u00f4r sua vontade ao Supremo, mesmo que isso signifique passar por cima da lei. Ele lembra que a presen\u00e7a de dois integrantes do Supremo \u2014 Dias Toffoli e Gilmar Mendes \u2014 na posse do novo ministro da Justi\u00e7a, na quarta-feira (29\/04), foi um sinal importante de que a Corte est\u00e1 disposta ao di\u00e1logo.<\/p>\n<p>&nbsp;<\/p>\n<p>Portanto, destaca o ministro, seria importante que o presidente da Rep\u00fablica baixasse o tom para que as institui\u00e7\u00f5es possam continuar funcionando dentro da normalidade. \u00c9 isso, acrescenta ele, que todos esperam neste momento dram\u00e1tico, em que a pandemia do novo coronav\u00edrus faz um n\u00famero cada vez maior de mortes e a economia est\u00e1 caminhando para o colapso.<\/p>\n<p>&nbsp;<\/p>\n<p><strong>Desafio<\/strong><\/p>\n<p>&nbsp;<\/p>\n<p>Na manh\u00e3 desta quinta-feira (30\/04),\u00a0Bolsonaro acusou Moraes de decidir de forma &#8220;pol\u00edtica&#8221; a suspens\u00e3o da posse de Alexandre Ramagem como diretor-geral da PF. Segundo o presidente, a decis\u00e3o &#8220;quase&#8221; criou uma &#8220;crise institucional&#8221; entre o Pal\u00e1cio do Planalto e a Corte e disse ver brecha para que seja descumprida.<\/p>\n<p>&nbsp;<\/p>\n<p>&#8220;Essa decis\u00e3o do senhor Alexandre de Moraes ontem (29\/04), t\u00e1 certo, no meu entender falta um complemento para mostrar que n\u00e3o \u00e9 uma coisa voltada pessoalmente para o senhor Jair Bolsonaro. Falta ele decidir se o Ramagem pode ou n\u00e3o continuar na Abin (Ag\u00eancia Brasileira de Intelig\u00eancia). \u00c9 isso que eu espero dele&#8221;, afirmou, antes de embarcar para Porto Alegre, onde participa de solenidade do Ex\u00e9rcito. &#8220;Se ele (Moraes) n\u00e3o se posicionar, est\u00e1 abrindo a guarda para eu nomear o Ramagem independentemente da liminar dele. \u00c9 isso que n\u00f3s n\u00e3o queremos. Queremos o respeito de dupla m\u00e3o entre os Poderes&#8221;, ressaltou.<\/p>\n<p>&nbsp;<\/p>\n<p>Como se sabe, a Constitui\u00e7\u00e3o Federal trata o descumprimento de decis\u00f5es judiciais como crime de responsabilidade. O Supremo n\u00e3o deixar\u00e1 barato.<\/p>\n<p>&nbsp;<\/p>\n<p><em>Bras\u00edlia, 12h01min<\/em><\/p>\n","protected":false},"excerpt":{"rendered":"<p>A temperatura subiu no Supremo Tribunal Federal (STF) diante dos ataques do presidente Jair Bolsonaro ao ministro Alexandre de Moraes, que concedeu liminar impedido a posse de Alexandre Ramagem no comando da Pol\u00edcia Federal. Os ministros da mais alta Corte do pa\u00eds est\u00e3o convencidos de que Bolsonaro quer criar uma crise institucional. &nbsp; Para um [&hellip;]<\/p>\n","protected":false},"author":22,"featured_media":10489,"comment_status":"open","ping_status":"closed","sticky":false,"template":"","format":"standard","meta":{"footnotes":""},"categories":[600],"tags":[1818,2554,179,4591,326,126,4592,192],"class_list":["post-13984","post","type-post","status-publish","format-standard","has-post-thumbnail","hentry","category-economia","tag-alexandre-de-moraes","tag-bolsonaro","tag-crise","tag-institucional","tag-liminar","tag-policia-federal","tag-ramagem","tag-stf"],"_links":{"self":[{"href":"https:\/\/blogs.correiobraziliense.com.br\/vicente\/wp-json\/wp\/v2\/posts\/13984","targetHints":{"allow":["GET"]}}],"collection":[{"href":"https:\/\/blogs.correiobraziliense.com.br\/vicente\/wp-json\/wp\/v2\/posts"}],"about":[{"href":"https:\/\/blogs.correiobraziliense.com.br\/vicente\/wp-json\/wp\/v2\/types\/post"}],"author":[{"embeddable":true,"href":"https:\/\/blogs.correiobraziliense.com.br\/vicente\/wp-json\/wp\/v2\/users\/22"}],"replies":[{"embeddable":true,"href":"https:\/\/blogs.correiobraziliense.com.br\/vicente\/wp-json\/wp\/v2\/comments?post=13984"}],"version-history":[{"count":1,"href":"https:\/\/blogs.correiobraziliense.com.br\/vicente\/wp-json\/wp\/v2\/posts\/13984\/revisions"}],"predecessor-version":[{"id":13985,"href":"https:\/\/blogs.correiobraziliense.com.br\/vicente\/wp-json\/wp\/v2\/posts\/13984\/revisions\/13985"}],"wp:featuredmedia":[{"embeddable":true,"href":"https:\/\/blogs.correiobraziliense.com.br\/vicente\/wp-json\/wp\/v2\/media\/10489"}],"wp:attachment":[{"href":"https:\/\/blogs.correiobraziliense.com.br\/vicente\/wp-json\/wp\/v2\/media?parent=13984"}],"wp:term":[{"taxonomy":"category","embeddable":true,"href":"https:\/\/blogs.correiobraziliense.com.br\/vicente\/wp-json\/wp\/v2\/categories?post=13984"},{"taxonomy":"post_tag","embeddable":true,"href":"https:\/\/blogs.correiobraziliense.com.br\/vicente\/wp-json\/wp\/v2\/tags?post=13984"}],"curies":[{"name":"wp","href":"https:\/\/api.w.org\/{rel}","templated":true}]}}