{"id":13975,"date":"2020-04-29T10:03:11","date_gmt":"2020-04-29T13:03:11","guid":{"rendered":"https:\/\/blogs.correiobraziliense.com.br\/vicente\/?p=13975"},"modified":"2020-04-29T14:01:38","modified_gmt":"2020-04-29T17:01:38","slug":"investidores-estao-cada-vez-mais-preocupados-com-recessao-global-diz-ubs","status":"publish","type":"post","link":"https:\/\/blogs.correiobraziliense.com.br\/vicente\/investidores-estao-cada-vez-mais-preocupados-com-recessao-global-diz-ubs\/","title":{"rendered":"Investidores est\u00e3o cada vez mais preocupados com recess\u00e3o global, diz UBS"},"content":{"rendered":"<p>ROSANA HESSEL<\/p>\n<p>&nbsp;<\/p>\n<p><span style=\"font-weight: 400\">A preocupa\u00e7\u00e3o entre grandes investidores globais em rela\u00e7\u00e3o \u00e0 recess\u00e3o mundial nos pr\u00f3ximos 12 meses aumentou, passando de 49% para 60% no primeiro trimestre de 2020, conforme pesquisa do UBS sobre o sentimento dos investidores, divulgado nesta quarta-feira (29\/04).\u00a0<\/span><\/p>\n<p>&nbsp;<\/p>\n<p><span style=\"font-weight: 400\">Conforme o levantamento trimestral realizado pelo banco su\u00ed\u00e7o junto a grandes investidores, <\/span><span style=\"font-weight: 400\">a pandemia da Covid-19 como a\u00a0 principal preocupa\u00e7\u00e3o dos entrevistados. A doen\u00e7a causada pelo novo coronav\u00edrus afetou o estilo de vida de 96% dos pesquisados.<\/span><\/p>\n<p>&nbsp;<\/p>\n<p><span style=\"font-weight: 400\">Regionalmente, a confian\u00e7a no curto prazo com a pr\u00f3pria regi\u00e3o caiu em rela\u00e7\u00e3o ao levantamento anterior.\u00a0<\/span>Na \u00c1sia, por exemplo, o otimismo passou de 71% para 55%; na Am\u00e9rica Latina, de 60% para 49%; e, nos Estados Unidos, de 68% para 30%. Na Su\u00ed\u00e7a, o recuo foi de 47% para 28%. Apenas no Brasil, o otimismo encolheu de 68% para 44%, abaixo da m\u00e9dia na regi\u00e3o.<\/p>\n<p>&nbsp;<\/p>\n<p><span style=\"font-weight: 400\">Globalmente, o otimismo com mercado de a\u00e7\u00f5es passou de 65% para 45%. Contudo, 47% dos investidores esperam manter seus investimentos nas bolsas nos pr\u00f3ximos seis meses, enquanto 37% planejam investir mais. Al\u00e9m disso, 23% acreditam que agora \u00e9 um bom momento para comprar a\u00e7\u00f5es, e outros 61% veem uma oportunidade de compra se as a\u00e7\u00f5es ca\u00edrem entre 5% e 20%.<\/span><\/p>\n<p>&nbsp;<\/p>\n<p><span style=\"font-weight: 400\">De acordo com o estudo, quase metade dos grandes investidores espera manter suas carteiras de a\u00e7\u00f5es no mesmo n\u00edvel nos pr\u00f3ximos seis meses e 37% desejam investir mais, de acordo com pesquisa trimestral do banco.\u00a0<\/span><\/p>\n<p>&nbsp;<\/p>\n<p><span style=\"font-weight: 400\">Apesar da piora das previs\u00f5es de curto prazo, 7<\/span><span style=\"font-weight: 400\">0% dos 4.108 investidores e empres\u00e1rios de 14 mercados est\u00e3o otimistas quanto \u00e0s perspectivas econ\u00f4micas para os pr\u00f3ximos 10 anos para sua regi\u00e3o.\u00a0<\/span><\/p>\n<p>&nbsp;<\/p>\n<p>&nbsp;<\/p>\n<p><strong>Piora nas proje\u00e7\u00f5es para o Brasil<\/strong><\/p>\n<p>&nbsp;<\/p>\n<p><span style=\"font-weight: 400\">O UBS acaba de revisar as proje\u00e7\u00f5es para o Brasil e passou a prever retra\u00e7\u00e3o de 5,5% do Produto Interno Bruto (PIB), neste ano, com um cen\u00e1rio pessimista com um tombo de 10% na atividade e queda expressiva na arrecada\u00e7\u00e3o. Devido ao aumento das despesas em fun\u00e7\u00e3o do \u201cor\u00e7amento de guerra\u201d no combate \u00e0 Covid-19, o banco prev\u00ea o rombo das contas p\u00fablicas chegando a 10,4% do PIB no cen\u00e1rio base e a 12% no cen\u00e1rio pessimista. Para 2020, a previs\u00e3o \u00e9 que o deficit prim\u00e1rio fique entre 3,3% e 4,3%, do PIB. O cen\u00e1rio tra\u00e7ado pelo UBS prev\u00ea o resultado prim\u00e1rio apenas em 2030. Desde 2014, as contas do governo fecham no vermelho.<\/span><\/p>\n<p>&nbsp;<\/p>\n","protected":false},"excerpt":{"rendered":"<p>ROSANA HESSEL &nbsp; A preocupa\u00e7\u00e3o entre grandes investidores globais em rela\u00e7\u00e3o \u00e0 recess\u00e3o mundial nos pr\u00f3ximos 12 meses aumentou, passando de 49% para 60% no primeiro trimestre de 2020, conforme pesquisa do UBS sobre o sentimento dos investidores, divulgado nesta quarta-feira (29\/04).\u00a0 &nbsp; Conforme o levantamento trimestral realizado pelo banco su\u00ed\u00e7o junto a grandes investidores, [&hellip;]<\/p>\n","protected":false},"author":22,"featured_media":0,"comment_status":"open","ping_status":"closed","sticky":false,"template":"","format":"standard","meta":{"footnotes":""},"categories":[600],"tags":[],"class_list":["post-13975","post","type-post","status-publish","format-standard","hentry","category-economia"],"_links":{"self":[{"href":"https:\/\/blogs.correiobraziliense.com.br\/vicente\/wp-json\/wp\/v2\/posts\/13975","targetHints":{"allow":["GET"]}}],"collection":[{"href":"https:\/\/blogs.correiobraziliense.com.br\/vicente\/wp-json\/wp\/v2\/posts"}],"about":[{"href":"https:\/\/blogs.correiobraziliense.com.br\/vicente\/wp-json\/wp\/v2\/types\/post"}],"author":[{"embeddable":true,"href":"https:\/\/blogs.correiobraziliense.com.br\/vicente\/wp-json\/wp\/v2\/users\/22"}],"replies":[{"embeddable":true,"href":"https:\/\/blogs.correiobraziliense.com.br\/vicente\/wp-json\/wp\/v2\/comments?post=13975"}],"version-history":[{"count":3,"href":"https:\/\/blogs.correiobraziliense.com.br\/vicente\/wp-json\/wp\/v2\/posts\/13975\/revisions"}],"predecessor-version":[{"id":13978,"href":"https:\/\/blogs.correiobraziliense.com.br\/vicente\/wp-json\/wp\/v2\/posts\/13975\/revisions\/13978"}],"wp:attachment":[{"href":"https:\/\/blogs.correiobraziliense.com.br\/vicente\/wp-json\/wp\/v2\/media?parent=13975"}],"wp:term":[{"taxonomy":"category","embeddable":true,"href":"https:\/\/blogs.correiobraziliense.com.br\/vicente\/wp-json\/wp\/v2\/categories?post=13975"},{"taxonomy":"post_tag","embeddable":true,"href":"https:\/\/blogs.correiobraziliense.com.br\/vicente\/wp-json\/wp\/v2\/tags?post=13975"}],"curies":[{"name":"wp","href":"https:\/\/api.w.org\/{rel}","templated":true}]}}