{"id":13972,"date":"2020-04-28T18:42:27","date_gmt":"2020-04-28T21:42:27","guid":{"rendered":"https:\/\/blogs.correiobraziliense.com.br\/vicente\/?p=13972"},"modified":"2020-04-28T18:42:27","modified_gmt":"2020-04-28T21:42:27","slug":"o-calculo-da-irresponsabilidade-parte-2","status":"publish","type":"post","link":"https:\/\/blogs.correiobraziliense.com.br\/vicente\/o-calculo-da-irresponsabilidade-parte-2\/","title":{"rendered":"O c\u00e1lculo da irresponsabilidade, parte #2"},"content":{"rendered":"<p><span style=\"font-weight: 400\">LUIZ CALCAGNO<\/span><\/p>\n<p>&nbsp;<\/p>\n<p><span style=\"font-weight: 400\">Alertado por autoridades e questionado insistentemente pela imprensa sobre a gravidade da pandemia de coronav\u00edrus, o presidente da Rep\u00fablica fez uma das coisas que sabe fazer de melhor: rejeitou a ci\u00eancia. \u201cO povo tem que ir pra rua trabalhar e deixar o vov\u00f4 e a vov\u00f3 em casa\u201d, pois \u201co n\u00famero de \u00f3bitos por pessoas abaixo de 40 anos \u00e9 insignificante\u201d. Mas, o presidente n\u00e3o parou por a\u00ed. \u201cA realidade est\u00e1 a\u00ed e, para 90% da popula\u00e7\u00e3o, isso vai ser uma gripezinha ou nada. N\u00f3s vamos calcular 10% que vai ter algo um pouco mais grave, por assim dizer. \u00c9 uma minoria, e naquele grupo de risco. E o que \u00e9 o grupo de risco? Acima dos 60 anos\u201d, disparou Jair Bolsonaro.\u00a0A fala \u00e9 de 27 de mar\u00e7o, quando 92 pessoas tinham morrido em decorr\u00eancia do coronav\u00edrus. Hoje, um m\u00eas e um dia depois, 5.017 brasileiros morreram em decorr\u00eancia da doen\u00e7a.<\/span><\/p>\n<p>&nbsp;<\/p>\n<p><span style=\"font-weight: 400\">\u00a0A afirma\u00e7\u00e3o completou 32 dias com um aumento de 5.353% no n\u00famero de parentes mortos nesta segunda (27\/4). E n\u00e3o se pode afirmar que o Brasil vivia em uma situa\u00e7\u00e3o diferente, apesar das sucessivas crises pol\u00edticas que o governo promoveu nessas curtas quatro semanas. E mais, o ent\u00e3o ministro da Sa\u00fade, Luiz Henrique Mandetta (agora ex), j\u00e1 alertava para o perigo da pandemia. N\u00e3o bastasse isso, o Brasil j\u00e1 recebia as tr\u00e1gicas not\u00edcias das mortes na Lombardia, na It\u00e1lia, onde a falta do isolamento social se provou a pior das escolhas para a popula\u00e7\u00e3o e foi preciso aconar o Ex\u00e9rcito para levarem o corpo dos mortos para enterr\u00e1-los ou crem\u00e1-los.<\/span><\/p>\n<p>&nbsp;<\/p>\n<p><span style=\"font-weight: 400\">\u201cSer\u00e1 que uma pessoa, um jovem morreu na&#8230; N\u00e3o sei aonde, qual o pa\u00eds, tenha 10 anos de idade&#8230; Uma pessoa n\u00e3o pode entrar em estat\u00edstica. Ela podia ter outros problemas. \u00c9 natural. \u00c0s vezes a pessoa j\u00e1 nasce com problema s\u00e9rio de sa\u00fade\u201d, afirmou Jair Bolsonaro em entrevista ao programa Brasil Urgente naquela sexta-feira (27\/3). O descaso do presidente foi flagrante a ponto de transbordar at\u00e9 mesmo em pronunciamentos nacionais. Bolsonaro escolheu o caminho do embate e da crise ainda que diante de uma doen\u00e7a com potencial de matar milhares de brasileiros em um curto espa\u00e7o de tempo e de dissolver economias.<\/span><\/p>\n<p>&nbsp;<\/p>\n<p><span style=\"font-weight: 400\">Na data n\u00e3o t\u00e3o remota, o governo havia lan\u00e7ado a campanha publicit\u00e1ria \u201cO Brasil n\u00e3o pode parar\u201d, a mesma que levou a cidade de Mil\u00e3o, na Espanha a um cen\u00e1rio parecido com o da Lombardia. Campanha que, dias depois, a comunica\u00e7\u00e3o do governo federal negaria ter disparado. Em coletiva no Minist\u00e9rio da Sa\u00fade, questionado sobre o an\u00fancio do governo, o ent\u00e3o secret\u00e1rio-executivo da pasta, Jo\u00e3o Gabbardo, se posicionou. \u201cEstamos na frente de uma casa que est\u00e1 incendiando. N\u00f3s temos alternativas para combater este inc\u00eandio. Nossa fun\u00e7\u00e3o nessa hist\u00f3ria \u00e9 retirar o m\u00e1ximo de pessoas l\u00e1 de dentro. Voc\u00eas n\u00e3o fiquem esperando que o Minist\u00e9rio da Sa\u00fade jogue um palito de f\u00f3sforo ou coloque oxig\u00eanio para aumentar esse fogo. N\u00e3o tentem for\u00e7ar o minist\u00e9rio a incendiar uma coisa que j\u00e1 est\u00e1 na nossa frente\u201d, respondeu.<\/span><\/p>\n<p>&nbsp;<\/p>\n<p><span style=\"font-weight: 400\">Vejamos, agora, mais algumas falas de Bolsonaro. Sobre as medidas de isolamento que os governadores, ent\u00e3o, firmes no combate, decretaram, o presidente afirmou que eram &#8220;exageradas&#8221;. \u201cT\u00e1 faltando consci\u00eancia por parte de algumas autoridades para ter essa vis\u00e3o, essa virtude de, ao perceber que t\u00e1 fazendo algo que foi al\u00e9m do esperado, voltar atr\u00e1s\u201d, comentou. \u201cVamos trabalhar, o brasileiro quer trabalhar. Vamos deixar em casa o vov\u00f4 e a vov\u00f3, tratar com o devido respeito. A gente tava decolando na economia. Criamos quase 1 milh\u00e3o de empregos no ano passado, e agora perdemos. Perdemos por que? Porque alguns governadores est\u00e3o agindo de forma a\u00e7odada, fazendo concorr\u00eancia\u201d, atacou.<\/span><\/p>\n<p>&nbsp;<\/p>\n<p><span style=\"font-weight: 400\">\u201cO v\u00edrus vai chegar, vai passar, infelizmente algumas mortes ter\u00e3o, paci\u00eancia. E vamos tocar o barco, porque as consequ\u00eancias, depois dessas medidas equivocadas, v\u00e3o ser muito mais danosas do que o pr\u00f3prio v\u00edrus\u201d, reclamou Bolsonaro. Importante lembrar que, passados um m\u00eas das coloca\u00e7\u00f5es e com o aumento de 5.353% no n\u00famero de brasileiros mortos pelo coronav\u00edrus, o presidente n\u00e3o apresentou, at\u00e9 hoje, nenhuma medida que possibilite o isolamento somente dos idosos. Provavelmente porque, diante do cen\u00e1rio e das condi\u00e7\u00f5es do pa\u00eds, essa medida simplesmente n\u00e3o exista. E \u201cdeixar em casa o vov\u00f4 e a vov\u00f3\u201d signifique levar o v\u00edrus para o lar e coloc\u00e1-los em risco da mesma forma.<\/span><\/p>\n<p>&nbsp;<\/p>\n<p><span style=\"font-weight: 400\">Foi um pouco depois que o ministro da Cidadania, Onyx Lorenzoni, e o deputado e ex-ministro da mesma pasta, Osmar Terra, conspirando contra Mandetta, fizeram estimativas sobre o n\u00famero total de mortos. No pior dos cen\u00e1rios, disseram em conversa flagrada pela CNN, 4 mil brasileiros e brasileiras morreriam. Acabaram, como dissemos no artigo anterior, desmentido pelos fatos.<\/span><\/p>\n<p>&nbsp;<\/p>\n<p><span style=\"font-weight: 400\">Esta ter\u00e7a (28\/4), o n\u00famero de mortes ultrapassou o da China, primeira a enfrentar o v\u00edrus e sem as informa\u00e7\u00f5es que o Brasil tinha quando a contamina\u00e7\u00e3o chegou ao pa\u00eds. Manaus vive um pesadelo com covas coletivas e o sistema de sa\u00fade saturado, e o governo, em vez de focar no combate, segue criando crises. Podem at\u00e9 argumentar que o Brasil mudou muito nesses 31. Mas se mudou realmente, isso se deve aos efeitos da pandemia, que j\u00e1 eram esperados. E Bolsonaro, o que dir\u00e1 sobre a maneira como tratou o coronav\u00edrus para as fam\u00edlias dos mortos, muitos deles seus eleitores?<\/span><\/p>\n","protected":false},"excerpt":{"rendered":"<p>LUIZ CALCAGNO &nbsp; Alertado por autoridades e questionado insistentemente pela imprensa sobre a gravidade da pandemia de coronav\u00edrus, o presidente da Rep\u00fablica fez uma das coisas que sabe fazer de melhor: rejeitou a ci\u00eancia. \u201cO povo tem que ir pra rua trabalhar e deixar o vov\u00f4 e a vov\u00f3 em casa\u201d, pois \u201co n\u00famero de [&hellip;]<\/p>\n","protected":false},"author":22,"featured_media":0,"comment_status":"open","ping_status":"closed","sticky":false,"template":"","format":"standard","meta":{"footnotes":""},"categories":[600],"tags":[],"class_list":["post-13972","post","type-post","status-publish","format-standard","hentry","category-economia"],"_links":{"self":[{"href":"https:\/\/blogs.correiobraziliense.com.br\/vicente\/wp-json\/wp\/v2\/posts\/13972","targetHints":{"allow":["GET"]}}],"collection":[{"href":"https:\/\/blogs.correiobraziliense.com.br\/vicente\/wp-json\/wp\/v2\/posts"}],"about":[{"href":"https:\/\/blogs.correiobraziliense.com.br\/vicente\/wp-json\/wp\/v2\/types\/post"}],"author":[{"embeddable":true,"href":"https:\/\/blogs.correiobraziliense.com.br\/vicente\/wp-json\/wp\/v2\/users\/22"}],"replies":[{"embeddable":true,"href":"https:\/\/blogs.correiobraziliense.com.br\/vicente\/wp-json\/wp\/v2\/comments?post=13972"}],"version-history":[{"count":2,"href":"https:\/\/blogs.correiobraziliense.com.br\/vicente\/wp-json\/wp\/v2\/posts\/13972\/revisions"}],"predecessor-version":[{"id":13974,"href":"https:\/\/blogs.correiobraziliense.com.br\/vicente\/wp-json\/wp\/v2\/posts\/13972\/revisions\/13974"}],"wp:attachment":[{"href":"https:\/\/blogs.correiobraziliense.com.br\/vicente\/wp-json\/wp\/v2\/media?parent=13972"}],"wp:term":[{"taxonomy":"category","embeddable":true,"href":"https:\/\/blogs.correiobraziliense.com.br\/vicente\/wp-json\/wp\/v2\/categories?post=13972"},{"taxonomy":"post_tag","embeddable":true,"href":"https:\/\/blogs.correiobraziliense.com.br\/vicente\/wp-json\/wp\/v2\/tags?post=13972"}],"curies":[{"name":"wp","href":"https:\/\/api.w.org\/{rel}","templated":true}]}}