{"id":13954,"date":"2020-04-24T13:51:14","date_gmt":"2020-04-24T16:51:14","guid":{"rendered":"https:\/\/blogs.correiobraziliense.com.br\/vicente\/?p=13954"},"modified":"2020-04-24T13:54:21","modified_gmt":"2020-04-24T16:54:21","slug":"capital-economics-esta-cada-vez-mais-pessimista-com-o-brasil","status":"publish","type":"post","link":"https:\/\/blogs.correiobraziliense.com.br\/vicente\/capital-economics-esta-cada-vez-mais-pessimista-com-o-brasil\/","title":{"rendered":"Capital Economics est\u00e1 cada vez mais pessimista com o Brasil"},"content":{"rendered":"<p><span style=\"font-weight: 400\">ROSANA HESSEL<\/span><\/p>\n<p>&nbsp;<\/p>\n<p><span style=\"font-weight: 400\">A consultoria brit\u00e2nica Capital Economics, uma das primeiras a prever a desacelera\u00e7\u00e3o global e da China devido \u00e0 pandemia da Covid-19, est\u00e1 cada vez mais pessimista em rela\u00e7\u00e3o ao Brasil e ao M\u00e9xico. A critica da consultoria recai sobre os governos desses dois pa\u00edses por estarem demorando para tomar a\u00e7\u00f5es mais contundentes contra os efeitos do novo coronav\u00edrus e prev\u00ea uma recess\u00e3o profunda na Am\u00e9rica Latina.\u00a0<\/span><\/p>\n<p>&nbsp;<\/p>\n<p><span style=\"font-weight: 400\">\u201cRespostas lentas e limitadas das pol\u00edticas econ\u00f4micas no Brasil e no M\u00e9xico, bem como esfor\u00e7os para manter os surtos de coronav\u00edrus sob controle, sugerem que os custos econ\u00f4micos ser\u00e3o maiores nesses pa\u00edses do que Chile, Peru e Col\u00f4mbia\u201d, alertou o relat\u00f3rio assinado pela equipe do economista-chefe para mercados emergentes da Capital, William Jackson, e divulgado nesta sexta-feira (24\/04).\u00a0<\/span><\/p>\n<p>&nbsp;<\/p>\n<p><span style=\"font-weight: 400\">Em relat\u00f3rio divulgado aos clientes, a Capital fez um alerta para uma \u201crecess\u00e3o profunda\u201d na Am\u00e9rica Latina, passando a prever retra\u00e7\u00e3o de 6% do Produto Interno Bruto (PIB) da regi\u00e3o neste ano, com o PIB do Brasil recuando 5,5% e o do M\u00e9xico, 8%.\u00a0\u00a0<\/span><span style=\"font-weight: 400\">Pelas novas previs\u00f5es, Argentina, Chile, Col\u00f4mbia, Bol\u00edvia e Costa Rica ter\u00e3o queda de 5%. Enquanto isso, o tombo de Venezuela, de Equador e de Uruguai ser\u00e3o de 25%, de 6,5% e de 6%, respectivamente.<\/span><\/p>\n<p>&nbsp;<\/p>\n<p><span style=\"font-weight: 400\">A consultoria prev\u00ea a taxa b\u00e1sica de juros (Selic) atingindo novas m\u00ednimas hist\u00f3ricas este ano, encerrando em 0,25% ano no meio dessa recess\u00e3o que est\u00e1 se formando, mas n\u00e3o tem boas estimativas sobre a retomada da economia brasileira. Para 2021, a expectativa para o PIB brasileiro \u00e9 de alta de 2,5%, abaixo da m\u00e9dia de 3,7% para o crescimento da Am\u00e9rica Latina.<\/span><\/p>\n<p>&nbsp;<\/p>\n<p><span style=\"font-weight: 400\">Sem dar nomes aos bois, os analistas da Capital criticaram o governo brasileiro e afirmaram que ele demorou para adotar impor medidas de bloqueio para impedir e, com isso, os novos casos de cont\u00e1gio do coronav\u00edrus continuam a subir acentuadamente. A demora para adotar medidas de socorro \u00e0 economia tamb\u00e9m deve atrasar na recupera\u00e7\u00e3o econ\u00f4mica. <\/span><\/p>\n<p>&nbsp;<\/p>\n<p><span style=\"font-weight: 400\">Vale lembrar que o presidente Jair Bolsonaro \u00e9 o maior cr\u00edtico do distanciamento social que a maioria dos pa\u00edses vem adotando para conter a curva de cont\u00e1gio e evitar superlota\u00e7\u00e3o nos hospitais. \u201cO dano da falta de distanciamento social pode durar mais tempo do que em qualquer outro lugar\u201d, alertou o estudo.<\/span><\/p>\n<p>&nbsp;<\/p>\n<p>&nbsp;<\/p>\n<p><strong>Recess\u00e3o global<\/strong><\/p>\n<p>&nbsp;<\/p>\n<p><span style=\"font-weight: 400\">Os principais motores da economia global tamb\u00e9m devem entrar em recess\u00e3o profunda, segundo a Capital, que tem estimativas piores do que as do Fundo Monet\u00e1rio Internacional (FMI). O cen\u00e1rio desenhado est\u00e1 dever\u00e1 ser mais cr\u00edtico do que o da Grande Depress\u00e3o, de 1930.<\/span><\/p>\n<p>&nbsp;<\/p>\n<p><span style=\"font-weight: 400\">A Capital prev\u00ea retra\u00e7\u00f5es de 5,5% no PIB dos Estados Unidos e de 5,0% no PIB chin\u00eas. A previs\u00e3o para a Zona do Euro \u00e9 um tombo de 12% neste ano. Quando a Capital passou a estimar crescimento de 2% para o PIB da China, a maioria das previs\u00f5es do mercado ainda acreditava que o pa\u00eds asi\u00e1tico conseguiria ter expans\u00e3o de 6% em 2020.<\/span><\/p>\n<p>&nbsp;<\/p>\n<p>Diante das revis\u00f5es constantes nas estimativas, economistas pr\u00f3ximos ao ministro da Economia, Paulo Guedes, j\u00e1 come\u00e7am a falar em depress\u00e3o na economia global, que \u00e9 o pior dos mundos na literatura econ\u00f4mica, com quebradeira de empresas e aumento acelerado do desemprego.<\/p>\n<p>&nbsp;<\/p>\n<p>Contudo, Guedes continua mantendo o otimismo para os interlocutores do mercado financeiro e insiste em afirmar que a economia brasileira vai apresentar uma recupera\u00e7\u00e3o em V. Mas as curvas de retomada projetadas apontam para um processo muito lento e gradual, porque a pandemia poder\u00e1 se estender at\u00e9 o ano que vem, segundo algumas estimativas. Como est\u00e1 ficando sem argumentos, parece que nem mesmo o ministro acredita no que ele fala e cancelou duas videoconfer\u00eancias com investidores nesta sexta-feira.<\/p>\n<p>&nbsp;<\/p>\n<p>&nbsp;<\/p>\n<p>Veja as \u00faltimas proje\u00e7\u00f5es da Capital Economics para a Am\u00e9rica Latina:<\/p>\n<p><a href=\"https:\/\/blogs.correiobraziliense.com.br\/vicente\/wp-content\/uploads\/sites\/16\/2020\/04\/WhatsApp-Image-2020-04-24-at-13.52.10.jpeg\"><img loading=\"lazy\" decoding=\"async\" class=\"alignnone size-large wp-image-13957\" src=\"https:\/\/blogs.correiobraziliense.com.br\/vicente\/wp-content\/uploads\/sites\/16\/2020\/04\/WhatsApp-Image-2020-04-24-at-13.52.10-473x1024.jpeg\" alt=\"\" width=\"473\" height=\"1024\" srcset=\"https:\/\/blogs.correiobraziliense.com.br\/vicente\/wp-content\/uploads\/sites\/16\/2020\/04\/WhatsApp-Image-2020-04-24-at-13.52.10.jpeg 473w, https:\/\/blogs.correiobraziliense.com.br\/vicente\/wp-content\/uploads\/sites\/16\/2020\/04\/WhatsApp-Image-2020-04-24-at-13.52.10-139x300.jpeg 139w, https:\/\/blogs.correiobraziliense.com.br\/vicente\/wp-content\/uploads\/sites\/16\/2020\/04\/WhatsApp-Image-2020-04-24-at-13.52.10-162x350.jpeg 162w, https:\/\/blogs.correiobraziliense.com.br\/vicente\/wp-content\/uploads\/sites\/16\/2020\/04\/WhatsApp-Image-2020-04-24-at-13.52.10-230x498.jpeg 230w\" sizes=\"auto, (max-width: 473px) 100vw, 473px\" \/><\/a><\/p>\n<p>&nbsp;<\/p>\n<p>&nbsp;<\/p>\n","protected":false},"excerpt":{"rendered":"<p>ROSANA HESSEL &nbsp; A consultoria brit\u00e2nica Capital Economics, uma das primeiras a prever a desacelera\u00e7\u00e3o global e da China devido \u00e0 pandemia da Covid-19, est\u00e1 cada vez mais pessimista em rela\u00e7\u00e3o ao Brasil e ao M\u00e9xico. A critica da consultoria recai sobre os governos desses dois pa\u00edses por estarem demorando para tomar a\u00e7\u00f5es mais contundentes [&hellip;]<\/p>\n","protected":false},"author":22,"featured_media":0,"comment_status":"open","ping_status":"closed","sticky":false,"template":"","format":"standard","meta":{"footnotes":""},"categories":[600],"tags":[378,3893,589,3613,58,31],"class_list":["post-13954","post","type-post","status-publish","format-standard","hentry","category-economia","tag-brasil","tag-capital-economics","tag-economia","tag-paulo-guedes","tag-pib","tag-recessao"],"_links":{"self":[{"href":"https:\/\/blogs.correiobraziliense.com.br\/vicente\/wp-json\/wp\/v2\/posts\/13954","targetHints":{"allow":["GET"]}}],"collection":[{"href":"https:\/\/blogs.correiobraziliense.com.br\/vicente\/wp-json\/wp\/v2\/posts"}],"about":[{"href":"https:\/\/blogs.correiobraziliense.com.br\/vicente\/wp-json\/wp\/v2\/types\/post"}],"author":[{"embeddable":true,"href":"https:\/\/blogs.correiobraziliense.com.br\/vicente\/wp-json\/wp\/v2\/users\/22"}],"replies":[{"embeddable":true,"href":"https:\/\/blogs.correiobraziliense.com.br\/vicente\/wp-json\/wp\/v2\/comments?post=13954"}],"version-history":[{"count":3,"href":"https:\/\/blogs.correiobraziliense.com.br\/vicente\/wp-json\/wp\/v2\/posts\/13954\/revisions"}],"predecessor-version":[{"id":13958,"href":"https:\/\/blogs.correiobraziliense.com.br\/vicente\/wp-json\/wp\/v2\/posts\/13954\/revisions\/13958"}],"wp:attachment":[{"href":"https:\/\/blogs.correiobraziliense.com.br\/vicente\/wp-json\/wp\/v2\/media?parent=13954"}],"wp:term":[{"taxonomy":"category","embeddable":true,"href":"https:\/\/blogs.correiobraziliense.com.br\/vicente\/wp-json\/wp\/v2\/categories?post=13954"},{"taxonomy":"post_tag","embeddable":true,"href":"https:\/\/blogs.correiobraziliense.com.br\/vicente\/wp-json\/wp\/v2\/tags?post=13954"}],"curies":[{"name":"wp","href":"https:\/\/api.w.org\/{rel}","templated":true}]}}