{"id":13946,"date":"2020-04-24T12:01:32","date_gmt":"2020-04-24T15:01:32","guid":{"rendered":"https:\/\/blogs.correiobraziliense.com.br\/vicente\/?p=13946"},"modified":"2020-04-24T12:34:39","modified_gmt":"2020-04-24T15:34:39","slug":"moro-listou-uma-serie-de-crimes-cometidos-por-bolsonaro-stf-vai-agir","status":"publish","type":"post","link":"https:\/\/blogs.correiobraziliense.com.br\/vicente\/moro-listou-uma-serie-de-crimes-cometidos-por-bolsonaro-stf-vai-agir\/","title":{"rendered":"Moro listou uma s\u00e9rie de crimes cometidos por Bolsonaro. STF vai agir?"},"content":{"rendered":"<h2>O agora ex-ministro da Justi\u00e7a e Seguran\u00e7a P\u00fablica S\u00e9rgio Moro listou uma s\u00e9rie de crimes cometidos pelo presidente da Rep\u00fablica Jair Bolsonaro. Em seu pronunciamento de despedida.<\/h2>\n<h2><\/h2>\n<p>Moro, que, segundo pol\u00edticos, teria feito uma &#8220;dela\u00e7\u00e3o premiada&#8221;, informou que Bolsonaro falsificou um ato de exonera\u00e7\u00e3o de Maur\u00edcio Valeixo da diretoria-geral da Pol\u00edcia Federal. Afirmou que o presidente quer interferir nas investiga\u00e7\u00f5es da PF.<\/p>\n<p>&nbsp;<\/p>\n<p>Disse ainda que Bolsonaro trabalha para livrar seus filhos de investiga\u00e7\u00f5es conduzidas pela PF e pelo Supremo Tribunal Federal (STF). O senador Fl\u00e1vio Bolsonaro \u00e9 acusado de lavagem de dinheiro ao promover uma &#8220;rachadinha&#8221; entre funcion\u00e1rios de seu gabinete quando era deputado estadual no Rio de Janeiro.<\/p>\n<p>&nbsp;<\/p>\n<p>Carlos e Eduardo Bolsonaro s\u00e3o acusados de comandarem o Gabinete do \u00d3dio, instalado no Pal\u00e1cio do Planalto. As investiga\u00e7\u00f5es da Pol\u00edcia Federal apontam que uma s\u00e9rie de Fake News e ataques contra o Congresso e o STF partem dali.<\/p>\n<p>&nbsp;<\/p>\n<p>Os tr\u00eas irm\u00e3os tamb\u00e9m estariam por tr\u00e1s das manifesta\u00e7\u00f5es do \u00faltimo domingo\u00a0 (19\/04) pregando o volta da ditadura, com o retorno do AI-5 e o fechamento do Congresso e do Supremo. Segundo policiais, as investiga\u00e7\u00f5es do Gabinete do \u00d3dio e dos organizadores das investiga\u00e7\u00f5es v\u00e3o se cruzar.<\/p>\n<p>&nbsp;<\/p>\n<p><strong>Nem nos governos do PT<\/strong><\/p>\n<p>&nbsp;<\/p>\n<p>Moro tamb\u00e9m destacou que nem nos governos do PT, nos quais foram investigados o mensal\u00e3o e o petrol\u00e3o, houve interfer\u00eancias do governo na PF, como quer Bolsonaro. O presidente vinha pressionando Moro para trocar o diretor-geral da PF e v\u00e1rios superintendentes regionais sem qualquer justificativa t\u00e9cnica.<\/p>\n<p>&nbsp;<\/p>\n<p>O ex-ministro revelou que Bolsonaro quer ter acesso a todos os relat\u00f3rios de investiga\u00e7\u00f5es da PF, o que s\u00f3 se consegue com interfer\u00eancias pol\u00edticas. Isso, no entender de Moro, \u00e9 inaceit\u00e1vel e a sociedade precisa estar alerta, pois joga no lixo todo o combate \u00e0 corrup\u00e7\u00e3o.<\/p>\n<p>&nbsp;<\/p>\n<p>Resta saber o que o Supremo Tribunal Federal far\u00e1 daqui por diante. O ministro Celso de Mello deu 10 dias para o presidente da C\u00e2mara, Rodrigo Maia, se manifestar sobre os pedidos de processo de impeachmet de Bolsonaro que t\u00eam chegado \u00e0 Casa, mas est\u00e3o sem an\u00e1lise.<\/p>\n<p>&nbsp;<\/p>\n<p>Depois do depoimento de Moro, n\u00e3o h\u00e1 d\u00favidas de que Bolsonaro est\u00e1 com um p\u00e9 no precip\u00edcio. Ser\u00e1 que o apoio pol\u00edticos corruptos do Centr\u00e3o lhe garantir\u00e3o a sobrevida que ele acredita que ter\u00e1? S\u00f3 o tempo dir\u00e1.<\/p>\n<p>&nbsp;<\/p>\n<p><em>Bras\u00edlia, 12h01min<\/em><\/p>\n","protected":false},"excerpt":{"rendered":"<p>O agora ex-ministro da Justi\u00e7a e Seguran\u00e7a P\u00fablica S\u00e9rgio Moro listou uma s\u00e9rie de crimes cometidos pelo presidente da Rep\u00fablica Jair Bolsonaro. Em seu pronunciamento de despedida. Moro, que, segundo pol\u00edticos, teria feito uma &#8220;dela\u00e7\u00e3o premiada&#8221;, informou que Bolsonaro falsificou um ato de exonera\u00e7\u00e3o de Maur\u00edcio Valeixo da diretoria-geral da Pol\u00edcia Federal. Afirmou que o [&hellip;]<\/p>\n","protected":false},"author":22,"featured_media":12208,"comment_status":"open","ping_status":"closed","sticky":false,"template":"","format":"standard","meta":{"footnotes":""},"categories":[600],"tags":[2554,2450,4589,2650,3697,2392,126,192],"class_list":["post-13946","post","type-post","status-publish","format-standard","has-post-thumbnail","hentry","category-economia","tag-bolsonaro","tag-carlos","tag-crimes","tag-eduardo","tag-flavio","tag-moro","tag-policia-federal","tag-stf"],"_links":{"self":[{"href":"https:\/\/blogs.correiobraziliense.com.br\/vicente\/wp-json\/wp\/v2\/posts\/13946","targetHints":{"allow":["GET"]}}],"collection":[{"href":"https:\/\/blogs.correiobraziliense.com.br\/vicente\/wp-json\/wp\/v2\/posts"}],"about":[{"href":"https:\/\/blogs.correiobraziliense.com.br\/vicente\/wp-json\/wp\/v2\/types\/post"}],"author":[{"embeddable":true,"href":"https:\/\/blogs.correiobraziliense.com.br\/vicente\/wp-json\/wp\/v2\/users\/22"}],"replies":[{"embeddable":true,"href":"https:\/\/blogs.correiobraziliense.com.br\/vicente\/wp-json\/wp\/v2\/comments?post=13946"}],"version-history":[{"count":2,"href":"https:\/\/blogs.correiobraziliense.com.br\/vicente\/wp-json\/wp\/v2\/posts\/13946\/revisions"}],"predecessor-version":[{"id":13948,"href":"https:\/\/blogs.correiobraziliense.com.br\/vicente\/wp-json\/wp\/v2\/posts\/13946\/revisions\/13948"}],"wp:featuredmedia":[{"embeddable":true,"href":"https:\/\/blogs.correiobraziliense.com.br\/vicente\/wp-json\/wp\/v2\/media\/12208"}],"wp:attachment":[{"href":"https:\/\/blogs.correiobraziliense.com.br\/vicente\/wp-json\/wp\/v2\/media?parent=13946"}],"wp:term":[{"taxonomy":"category","embeddable":true,"href":"https:\/\/blogs.correiobraziliense.com.br\/vicente\/wp-json\/wp\/v2\/categories?post=13946"},{"taxonomy":"post_tag","embeddable":true,"href":"https:\/\/blogs.correiobraziliense.com.br\/vicente\/wp-json\/wp\/v2\/tags?post=13946"}],"curies":[{"name":"wp","href":"https:\/\/api.w.org\/{rel}","templated":true}]}}