{"id":13934,"date":"2020-04-23T15:13:51","date_gmt":"2020-04-23T18:13:51","guid":{"rendered":"https:\/\/blogs.correiobraziliense.com.br\/vicente\/?p=13934"},"modified":"2020-04-23T17:40:01","modified_gmt":"2020-04-23T20:40:01","slug":"bolsonaro-acredita-que-nao-precisa-mais-de-moro-e-de-guedes","status":"publish","type":"post","link":"https:\/\/blogs.correiobraziliense.com.br\/vicente\/bolsonaro-acredita-que-nao-precisa-mais-de-moro-e-de-guedes\/","title":{"rendered":"Bolsonaro acredita que n\u00e3o precisa mais de Moro e de Guedes"},"content":{"rendered":"<h2>O presidente Jair Bolsonaro est\u00e1 convencido de que n\u00e3o precisa mais de S\u00e9rgio Moro e de Paulo Guedes no governo. Por isso, resolveu esvaziar os ministros da Justi\u00e7a e da Economia, at\u00e9 bem pouco tempo vistos como estrelas da Esplanada dos Minist\u00e9rios.<\/h2>\n<p>&nbsp;<\/p>\n<p>Bolsonaro acredita que, passado pelo teste de demitir Luiz Henrique Mandetta do Minist\u00e9rio da Sa\u00fade em meio \u00e0 pandemia do novo coronav\u00edrus, pode agora dar andamento a seu projeto de eliminar &#8220;as estrelas&#8221; do governo.<\/p>\n<p>&nbsp;<\/p>\n<p>O presidente acredita que, quase um ano e meio ap\u00f3s tomar posse, construiu uma imagem forte, que se sustenta sem qualquer pilar. Moro era visto como suporte para apoio popular ao governo, sobretudo nas redes sociais. Guedes dava garantia aos investidores em rela\u00e7\u00e3o \u00e0 pol\u00edtica econ\u00f4mica.<\/p>\n<p>&nbsp;<\/p>\n<p>Para se desfazer de Moro, Bolsonaro foi na veia. Disse ao ministro que decidiu trocar o diretor-geral da Pol\u00edcia Federal, Maur\u00edcio Valeixo. A mudan\u00e7a, segundo o presidente, deve ocorrer nos pr\u00f3ximos dias. Imediatamente, Moro afirmou que, se Valeixo sair, ele tamb\u00e9m deixar\u00e1 o cargo.<\/p>\n<p>&nbsp;<\/p>\n<p>N\u00e3o \u00e9 de hoje que Bolsonaro anda assanhado para tirar Moro do governo. Antes de ir a uma viagem \u00e0 China, ele amea\u00e7ou dividir o Minist\u00e9rio da Justi\u00e7a e Seguran\u00e7a em dois. Diante da rea\u00e7\u00e3o negativa da medida que esvaziaria Moro, o presidente acabou recuando.<\/p>\n<p>&nbsp;<\/p>\n<p><strong>Inefici\u00eancia<\/strong><\/p>\n<p>&nbsp;<\/p>\n<p>Quanto a Paulo Guedes, o presidente est\u00e1 irritado com o que considera ina\u00e7\u00e3o do ministro em meio \u00e0 pandemia da Covid-19. Bolsonaro acredita que Guedes n\u00e3o respondeu \u00e0 altura \u00e0s necessidades do pa\u00eds. O &#8220;Posto Ipiranga&#8221; est\u00e1 pr\u00f3ximo de fechar as portas.<\/p>\n<p>&nbsp;<\/p>\n<p>O presidente ficou ainda mais irritado quando o ministro disse que, por ele, ficava em casa para se proteger do novo coronav\u00edrus, contrariando o pensamento do chefe, de que o isolamento social neste momento \u00e9 uma bobagem.<\/p>\n<p>&nbsp;<\/p>\n<p>O descaso de Bolsonaro com Guedes ficou expl\u00edcito quando descartou o subordinado na elabora\u00e7\u00e3o do Plano Pr\u00f3-Brasil, anunciado na quarta-feira (22\/04) pelo ministro da Casa Civil, Braga Netto. Nem Guedes e nem integrantes da equipe dele participaram da entrevista coletiva no Pal\u00e1cio do Planalto.<\/p>\n<p>&nbsp;<\/p>\n<p>Ao mesmo tempo em que vai tentando se desfazer de Moro e de Guedes, Bolsonaro se aproxima do que h\u00e1 de pior na pol\u00edtica. Ele est\u00e1 costurando apoio no Congresso com Robertto Jefferson, cacique do PTB que j\u00e1 foi preso por corrup\u00e7\u00e3o, e Valdemar Costa Neto, uma das estrelas do petrol\u00e3o.<\/p>\n<p>&nbsp;<\/p>\n<p>Como diz um integrante do alto escal\u00e3o do Planalto, Bolsonaro &#8220;est\u00e1 saindo da casinha&#8221;. Para essa fonte, o presidente pode se dar muito mal, mesmo que venha a construir uma ponte com os corruptos do Centr\u00e3o.<\/p>\n<p>&nbsp;<\/p>\n<p><em>Bras\u00edlia, 15h13min<\/em><\/p>\n","protected":false},"excerpt":{"rendered":"<p>O presidente Jair Bolsonaro est\u00e1 convencido de que n\u00e3o precisa mais de S\u00e9rgio Moro e de Paulo Guedes no governo. Por isso, resolveu esvaziar os ministros da Justi\u00e7a e da Economia, at\u00e9 bem pouco tempo vistos como estrelas da Esplanada dos Minist\u00e9rios. &nbsp; Bolsonaro acredita que, passado pelo teste de demitir Luiz Henrique Mandetta do [&hellip;]<\/p>\n","protected":false},"author":22,"featured_media":11699,"comment_status":"open","ping_status":"closed","sticky":false,"template":"","format":"standard","meta":{"footnotes":""},"categories":[600],"tags":[2554,22,3616,2392,126,4105],"class_list":["post-13934","post","type-post","status-publish","format-standard","has-post-thumbnail","hentry","category-economia","tag-bolsonaro","tag-demissao","tag-guedes","tag-moro","tag-policia-federal","tag-valeixo"],"_links":{"self":[{"href":"https:\/\/blogs.correiobraziliense.com.br\/vicente\/wp-json\/wp\/v2\/posts\/13934","targetHints":{"allow":["GET"]}}],"collection":[{"href":"https:\/\/blogs.correiobraziliense.com.br\/vicente\/wp-json\/wp\/v2\/posts"}],"about":[{"href":"https:\/\/blogs.correiobraziliense.com.br\/vicente\/wp-json\/wp\/v2\/types\/post"}],"author":[{"embeddable":true,"href":"https:\/\/blogs.correiobraziliense.com.br\/vicente\/wp-json\/wp\/v2\/users\/22"}],"replies":[{"embeddable":true,"href":"https:\/\/blogs.correiobraziliense.com.br\/vicente\/wp-json\/wp\/v2\/comments?post=13934"}],"version-history":[{"count":3,"href":"https:\/\/blogs.correiobraziliense.com.br\/vicente\/wp-json\/wp\/v2\/posts\/13934\/revisions"}],"predecessor-version":[{"id":13939,"href":"https:\/\/blogs.correiobraziliense.com.br\/vicente\/wp-json\/wp\/v2\/posts\/13934\/revisions\/13939"}],"wp:featuredmedia":[{"embeddable":true,"href":"https:\/\/blogs.correiobraziliense.com.br\/vicente\/wp-json\/wp\/v2\/media\/11699"}],"wp:attachment":[{"href":"https:\/\/blogs.correiobraziliense.com.br\/vicente\/wp-json\/wp\/v2\/media?parent=13934"}],"wp:term":[{"taxonomy":"category","embeddable":true,"href":"https:\/\/blogs.correiobraziliense.com.br\/vicente\/wp-json\/wp\/v2\/categories?post=13934"},{"taxonomy":"post_tag","embeddable":true,"href":"https:\/\/blogs.correiobraziliense.com.br\/vicente\/wp-json\/wp\/v2\/tags?post=13934"}],"curies":[{"name":"wp","href":"https:\/\/api.w.org\/{rel}","templated":true}]}}