{"id":1393,"date":"2016-06-11T18:01:04","date_gmt":"2016-06-11T21:01:04","guid":{"rendered":"https:\/\/blogs.correiobraziliense.com.br\/vicente\/?p=1393"},"modified":"2016-06-11T21:46:12","modified_gmt":"2016-06-12T00:46:12","slug":"renan-cunha-juca-sarney-receberam-200-milhoes-propina","status":"publish","type":"post","link":"https:\/\/blogs.correiobraziliense.com.br\/vicente\/renan-cunha-juca-sarney-receberam-200-milhoes-propina\/","title":{"rendered":"Renan, Cunha, Juc\u00e1 e Sarney receberam mais de R$ 200 milh\u00f5es em propinas, dizem delatores"},"content":{"rendered":"<p>POR EDUARDO MILIT\u00c3O E PAULO DE TARSO LYRA<\/p>\n<p>&nbsp;<\/p>\n<p>Propinas relatadas por sete colaboradores da Opera\u00e7\u00e3o Lava-Jato com destino ao quarteto do PMDB que o Minist\u00e9rio P\u00fablico quer ver na cadeia superam os R$ 200 milh\u00f5es, de acordo com levantamento do <strong>Correio<\/strong>. Os valores, parte convertida pela cota\u00e7\u00e3o do d\u00f3lar da \u00faltima quarta-feira, n\u00e3o incluem corre\u00e7\u00e3o monet\u00e1ria. Se tudo o que disseram \u00e9 verdade, o presidente do Senado, Renan Calheiros (AL), \u00e9 o campe\u00e3o dos pixulecos, \u00e0 frente do ex-presidente Jos\u00e9 Sarney (AP), do deputado Eduardo Cunha (RJ) e do ex-ministro e senador Romero Juc\u00e1 (RR). Mas parte dos relatos n\u00e3o menciona cifras dos alegados subornos para os pol\u00edticos.<\/p>\n<p>&nbsp;<\/p>\n<p>Foram analisados depoimentos de 10 pessoas dentre os mais de 60 acordos de colabora\u00e7\u00e3o premiada de leni\u00eancia: do ex-diretores da Petrobras Paulo Roberto Costa e Nestor Cerver\u00f3, do ex-senador Delc\u00eddio do Amaral (ex-PT-MS), do empreiteiro da UTC Engenharia Ricardo Pessoa, dos executivos da Andrade Gutierrez Ot\u00e1vio Azevedo e Fl\u00e1vio Machado, do ex-presidente da Transpetro S\u00e9rgio Machado, dos lobistas Fernando \u201cBaiano\u201d Soares e J\u00falio Camargo e o do entregador de dinheiro Carlos\u201cCear\u00e1\u201d Souza.<\/p>\n<p>&nbsp;<\/p>\n<p>Segundo o relato de sete deles, Renan recebeu R$ 96,7 milh\u00f5es em propinas. Desse valor, R$ 33 milh\u00f5es foram diretamente para ele. Uma parcela de mais R$ 63,7 milh\u00f5es foi compartilhada<br \/>\ncom outros pol\u00edticos, mas os colaboradores n\u00e3o explicam qual a parte de cada um. Eduardo Cunha teria recebido R$ 61,8 milh\u00f5es, pela narrativa de quatro acusadores. Sarney, R$ 30 milh\u00f5es, segundo o relato de S\u00e9rgio Machado. Sozinho, Romero Juc\u00e1 seria destinat\u00e1rio de R$ 21,5 milh\u00f5es e ainda teria compartilhado parte de um repasse de R$ 30 milh\u00f5es, a ser dividido com outros colegas do partido e do PT.<\/p>\n<p>&nbsp;<\/p>\n<p>Os corruptores indicados s\u00e3o a empreiteira UTC Engenheira, a Andrade Gutierrez, o lobista do estaleiro Samsung J\u00falio Camargo e o banqueiro Andr\u00e9 Esteves, do BTG Pactual \u2014 este nega a acusa\u00e7\u00e3o de pagar R$ 45 milh\u00f5es a Eduardo Cunha por uma emenda \u00e0 Medida Provis\u00f3ria 608. A empreiteira Serveng \u00e9 apontada como fonte de propinas para Renan, mas Paulo Roberto Costa n\u00e3o informa eventuais valores. Disse que R$ 30 milh\u00f5es em subornos foram destinados a Renan, Juc\u00e1, Jader Barbalho (PA), Valdir Raupp (RO) e os ex-ministros das Minas Energia Edison Lob\u00e3o e Silas Rondeau, al\u00e9m da campanha do PT.<\/p>\n<p>&nbsp;<\/p>\n<p>Em Angra 3, a negocia\u00e7\u00e3o come\u00e7ou em 3% para os peemedebistas, de acordo com Fl\u00e1vio Machado, executivo da Andrade, a fim de beneficiar Juc\u00e1 e Lob\u00e3o. Outro executivo, Fl\u00e1vio David Barra, contou que o ex-ministro do Planejamento recebeu propina em forma de doa\u00e7\u00f5es eleitorais. Informa\u00e7\u00e3o semelhante foi prestada por Ricardo Pessoa. Segundo ele, dos contratos da UTC em Angra, retirou R$ 1 milh\u00e3o para a campanha do filho de Renan, o governador de Alagoas, Renan Filho, e R$ 1,5 milh\u00e3o para a campanha de Juc\u00e1.<\/p>\n<p>&nbsp;<\/p>\n<p>Juc\u00e1 esquivou-se de comentar o pedido de pris\u00e3o e as acusa\u00e7\u00f5es de propina. \u201cN\u00e3o posso me manifestar sobre algo que n\u00e3o sei\u201d, disse. A assessoria de Renan negou que ele tenha recebido subornos e criticou as acusa\u00e7\u00f5es, consideradas sem provas por ele. \u201cO senador reafirma que jamais recebeu vantagens de qualquer pessoa e reitera que dela\u00e7\u00f5es n\u00e3o confirmadas deveriam servir para agravar a pena dos autores e n\u00e3o livr\u00e1-los da cadeia\u201d.<\/p>\n<p>&nbsp;<\/p>\n<p>Por meio de assessoria, Sarney se disse \u201cperplexo, indignado e revoltado\u201d com o pedido de sua pris\u00e3o. \u201cJamais agi para obstruir a Justi\u00e7a. Sempre a prestigiei e fortaleci.\u201d O deputado Eduardo Cunha n\u00e3o prestou esclarecimentos. Na quarta-feira, disse que o pedido de pris\u00e3o contra ele lhe causava \u201cestranheza\u201d.<\/p>\n<p>&nbsp;<\/p>\n<p><em>Bras\u00edlia, 18h01min<\/em><\/p>\n","protected":false},"excerpt":{"rendered":"<p>POR EDUARDO MILIT\u00c3O E PAULO DE TARSO LYRA &nbsp; Propinas relatadas por sete colaboradores da Opera\u00e7\u00e3o Lava-Jato com destino ao quarteto do PMDB que o Minist\u00e9rio P\u00fablico quer ver na cadeia superam os R$ 200 milh\u00f5es, de acordo com levantamento do Correio. Os valores, parte convertida pela cota\u00e7\u00e3o do d\u00f3lar da \u00faltima quarta-feira, n\u00e3o incluem [&hellip;]<\/p>\n","protected":false},"author":22,"featured_media":0,"comment_status":"open","ping_status":"closed","sticky":false,"template":"","format":"standard","meta":{"footnotes":""},"categories":[1],"tags":[209,61,206,207,208,186,187],"class_list":["post-1393","post","type-post","status-publish","format-standard","hentry","category-sem-categoria","tag-delatores","tag-eduardo-cunha","tag-jose-saney","tag-propinas","tag-r-200-milhoes","tag-renan-calheiros","tag-romero-juca"],"_links":{"self":[{"href":"https:\/\/blogs.correiobraziliense.com.br\/vicente\/wp-json\/wp\/v2\/posts\/1393","targetHints":{"allow":["GET"]}}],"collection":[{"href":"https:\/\/blogs.correiobraziliense.com.br\/vicente\/wp-json\/wp\/v2\/posts"}],"about":[{"href":"https:\/\/blogs.correiobraziliense.com.br\/vicente\/wp-json\/wp\/v2\/types\/post"}],"author":[{"embeddable":true,"href":"https:\/\/blogs.correiobraziliense.com.br\/vicente\/wp-json\/wp\/v2\/users\/22"}],"replies":[{"embeddable":true,"href":"https:\/\/blogs.correiobraziliense.com.br\/vicente\/wp-json\/wp\/v2\/comments?post=1393"}],"version-history":[{"count":2,"href":"https:\/\/blogs.correiobraziliense.com.br\/vicente\/wp-json\/wp\/v2\/posts\/1393\/revisions"}],"predecessor-version":[{"id":1395,"href":"https:\/\/blogs.correiobraziliense.com.br\/vicente\/wp-json\/wp\/v2\/posts\/1393\/revisions\/1395"}],"wp:attachment":[{"href":"https:\/\/blogs.correiobraziliense.com.br\/vicente\/wp-json\/wp\/v2\/media?parent=1393"}],"wp:term":[{"taxonomy":"category","embeddable":true,"href":"https:\/\/blogs.correiobraziliense.com.br\/vicente\/wp-json\/wp\/v2\/categories?post=1393"},{"taxonomy":"post_tag","embeddable":true,"href":"https:\/\/blogs.correiobraziliense.com.br\/vicente\/wp-json\/wp\/v2\/tags?post=1393"}],"curies":[{"name":"wp","href":"https:\/\/api.w.org\/{rel}","templated":true}]}}