{"id":13900,"date":"2020-04-20T13:56:28","date_gmt":"2020-04-20T16:56:28","guid":{"rendered":"https:\/\/blogs.correiobraziliense.com.br\/vicente\/?p=13900"},"modified":"2020-04-20T13:56:28","modified_gmt":"2020-04-20T16:56:28","slug":"goldman-sachs-abre-plataforma-de-cursos-para-mulheres-em-portugues","status":"publish","type":"post","link":"https:\/\/blogs.correiobraziliense.com.br\/vicente\/goldman-sachs-abre-plataforma-de-cursos-para-mulheres-em-portugues\/","title":{"rendered":"Goldman Sachs abre plataforma de cursos para mulheres em portugu\u00eas"},"content":{"rendered":"<p>ROSANA HESSEL<\/p>\n<p>&nbsp;<\/p>\n<p>A Funda\u00e7\u00e3o Goldman Sachs anunciou, nesta segunda-feira (20\/04), lan\u00e7ou uma plataforma de cursos on-line para mulheres empreendedoras em portugu\u00eas e espanhol.<\/p>\n<p>&nbsp;<\/p>\n<p>O curso on-line \u00e9 uma adapta\u00e7\u00e3o do programa 10,000 Women, criado pelo banco norte-americano Goldman Sachs em 2008. O treinamento \u00e9 gratuito com foco nas \u00e1reas de finan\u00e7as,\u00a0 opera\u00e7\u00f5es de lideran\u00e7a, marketing e negocia\u00e7\u00e3o.<\/p>\n<p>&nbsp;<\/p>\n<p>Entre 2008 e 2013, a vers\u00e3o presencial do curso capacitou 10 mulheres no mundo inteiro. No Brasil, 1,2 mil mulheres foram capacitadas em uma parceria da institui\u00e7\u00e3o com a Funda\u00e7\u00e3o Getulio Vargas |(FGV) e a Funda\u00e7\u00e3o Dom Cabral (FDC), de acordo com a assessoria do banco norte-americano.<\/p>\n<p>&nbsp;<\/p>\n<p>A partir de hoje, o curr\u00edculo do curso est\u00e1 dispon\u00edvel em dois idiomas adicionais: portugu\u00eas e espanhol. O programa \u00e9 dividido em dez m\u00f3dulos distintos, nos quais as empreendedoras poder\u00e3o acessar no seu pr\u00f3prio ritmo, com a liberdade de fazer qualquer curso, ou uma combina\u00e7\u00e3o deles, para atender \u00e0s necessidades individuais.<\/p>\n<p>&nbsp;<\/p>\n<p>O curso pode ser encontrado no endere\u00e7o https:\/\/www.coursera.org\/launch\/10000women-brpt, onde \u00e9 poss\u00edvel fazer a inscri\u00e7\u00e3o.<\/p>\n<p>&nbsp;<\/p>\n<p>&nbsp;<\/p>\n<p>&nbsp;<\/p>\n<p>&nbsp;<\/p>\n<p>&nbsp;<\/p>\n","protected":false},"excerpt":{"rendered":"<p>ROSANA HESSEL &nbsp; A Funda\u00e7\u00e3o Goldman Sachs anunciou, nesta segunda-feira (20\/04), lan\u00e7ou uma plataforma de cursos on-line para mulheres empreendedoras em portugu\u00eas e espanhol. &nbsp; O curso on-line \u00e9 uma adapta\u00e7\u00e3o do programa 10,000 Women, criado pelo banco norte-americano Goldman Sachs em 2008. O treinamento \u00e9 gratuito com foco nas \u00e1reas de finan\u00e7as,\u00a0 opera\u00e7\u00f5es de [&hellip;]<\/p>\n","protected":false},"author":22,"featured_media":0,"comment_status":"open","ping_status":"closed","sticky":false,"template":"","format":"standard","meta":{"footnotes":""},"categories":[600],"tags":[4582,4583,789,4584,2171],"class_list":["post-13900","post","type-post","status-publish","format-standard","hentry","category-economia","tag-curso","tag-empreendedoras","tag-goldman-sachs","tag-gratis","tag-mulheres"],"_links":{"self":[{"href":"https:\/\/blogs.correiobraziliense.com.br\/vicente\/wp-json\/wp\/v2\/posts\/13900","targetHints":{"allow":["GET"]}}],"collection":[{"href":"https:\/\/blogs.correiobraziliense.com.br\/vicente\/wp-json\/wp\/v2\/posts"}],"about":[{"href":"https:\/\/blogs.correiobraziliense.com.br\/vicente\/wp-json\/wp\/v2\/types\/post"}],"author":[{"embeddable":true,"href":"https:\/\/blogs.correiobraziliense.com.br\/vicente\/wp-json\/wp\/v2\/users\/22"}],"replies":[{"embeddable":true,"href":"https:\/\/blogs.correiobraziliense.com.br\/vicente\/wp-json\/wp\/v2\/comments?post=13900"}],"version-history":[{"count":2,"href":"https:\/\/blogs.correiobraziliense.com.br\/vicente\/wp-json\/wp\/v2\/posts\/13900\/revisions"}],"predecessor-version":[{"id":13902,"href":"https:\/\/blogs.correiobraziliense.com.br\/vicente\/wp-json\/wp\/v2\/posts\/13900\/revisions\/13902"}],"wp:attachment":[{"href":"https:\/\/blogs.correiobraziliense.com.br\/vicente\/wp-json\/wp\/v2\/media?parent=13900"}],"wp:term":[{"taxonomy":"category","embeddable":true,"href":"https:\/\/blogs.correiobraziliense.com.br\/vicente\/wp-json\/wp\/v2\/categories?post=13900"},{"taxonomy":"post_tag","embeddable":true,"href":"https:\/\/blogs.correiobraziliense.com.br\/vicente\/wp-json\/wp\/v2\/tags?post=13900"}],"curies":[{"name":"wp","href":"https:\/\/api.w.org\/{rel}","templated":true}]}}