{"id":1390,"date":"2016-06-11T08:01:11","date_gmt":"2016-06-11T11:01:11","guid":{"rendered":"https:\/\/blogs.correiobraziliense.com.br\/vicente\/?p=1390"},"modified":"2016-06-11T12:13:06","modified_gmt":"2016-06-11T15:13:06","slug":"temer-quer-idade-minima-de-65-anos-para-aposentadoria-inclusive-para-servidores","status":"publish","type":"post","link":"https:\/\/blogs.correiobraziliense.com.br\/vicente\/temer-quer-idade-minima-de-65-anos-para-aposentadoria-inclusive-para-servidores\/","title":{"rendered":"Temer quer idade m\u00ednima de 65 anos para aposentadoria, inclusive para servidores"},"content":{"rendered":"<p>POR C\u00c9LIA PERRONE<\/p>\n<p>&nbsp;<\/p>\n<p>Apesar da gritaria contr\u00e1ria das centrais sindicais, o presidente interino, Michel Temer, manter\u00e1 na proposta de reforma da Previd\u00eancia Social, que ser\u00e1 encaminhada ao Congresso Nacional, idade m\u00ednima para aposentadoria de 65 anos para homens e mulheres. Esse limite tamb\u00e9m valer\u00e1 para os servidores p\u00fablicos, cujo sistema poder\u00e1 ser unificado ao dos trabalhadores da iniciativa privada. O governo admite, por\u00e9m, recuar na proposta da equipe econ\u00f4mica de desvincular os benef\u00edcios do Instituto Nacional do Seguro Social (INSS) do sal\u00e1rio m\u00ednimo. Para auxiliares de Temer, a desvincula\u00e7\u00e3o barraria o andamento da reforma, por ser um tema que provoca muita disc\u00f3rdia. Eles garantiram que haver\u00e1 regras de transi\u00e7\u00e3o para quem j\u00e1 est\u00e1 no mercado de trabalho.<\/p>\n<p>&nbsp;<\/p>\n<p>Representantes das centrais almo\u00e7aram ontem com o presidente interino Michel para discutir a reforma da Previd\u00eancia e a\u00e7\u00f5es de combate ao desemprego. Participaram do encontro, no Pal\u00e1cio do Jaburu, 85 representantes de sindicatos ligados a quatro centrais: For\u00e7a Sindical, Uni\u00e3o Geral dos Trabalhadores (UGT), Nova Central Sindical de Trabalhadores (NCST) e Central dos Sindicatos Brasileiros (CSB). Esse grupo representa cerca de 60% dos sindicatos e tem aproximadamente 5 milh\u00f5es de filiados. A Central \u00danica dos Trabalhadores (CUT) n\u00e3o tem participado de reuni\u00f5es com Temer por n\u00e3o reconhecer a legitimidade do governo interino.<\/p>\n<p>&nbsp;<\/p>\n<p>O governo criou no m\u00eas passado um grupo de trabalho para debater altera\u00e7\u00f5es nas regras previdenci\u00e1rias. Na \u00e9poca, afirmou que as propostas seriam encaminhadas ao Congresso em um m\u00eas \u2014 prazo que se encerra amanh\u00e3, mas agora foi estendido para o final de junho. O presidente afirmou que n\u00e3o far\u00e1 nada contra os trabalhadores e apelou por compreens\u00e3o e di\u00e1logo, \u201cem nome do pa\u00eds\u201d, que assumiu em grande dificuldade. \u201cElas s\u00e3o maiores do que voc\u00eas podem imaginar\u201d, declarou. \u201cTemos que fazer mudan\u00e7as por meio do di\u00e1logo. Vamos nos entendendo. N\u00e3o podemos ir da cordialidade para a falta de cordialidade\u201d, afirmou Temer.<\/p>\n<p>&nbsp;<\/p>\n<p>As declara\u00e7\u00f5es foram publicadas pela assessoria de imprensa no Twitter do presidente interino ainda enquanto transcorria o encontro. Ele lembrou que completou 27 dias no governo, per\u00edodo em que aprovou medidas importantes no Congresso, como a amplia\u00e7\u00e3o da meta fiscal, para um deficit de R$ 170,5 bilh\u00f5es e a prorroga\u00e7\u00e3o da Desvincula\u00e7\u00e3o das Receitas da Uni\u00e3o (DRU).<\/p>\n<p>&nbsp;<\/p>\n<p><strong>Disc\u00f3rdia<\/strong><\/p>\n<p>&nbsp;<\/p>\n<p>Na sa\u00edda do almo\u00e7o, que durou cerca de duas horas, o presidente da For\u00e7a Sindical, deputado Paulo Pereira da Silva (SD-SP), disse que o principal ponto de disc\u00f3rdia entre as centrais e a proposta do governo \u00e9 a insist\u00eancia em estipular idade m\u00ednima para a aposentadoria. \u201cEstamos apresentando propostas para o governo resolver de imediato o caixa de Previd\u00eancia, como vender pr\u00e9dios abandonados, e destinar a ela metade do dinheiro arrecadado com jogos de loteria, medida que dever\u00e1 ser aprovada pela C\u00e2mara. Qualquer reforma \u00e9 de m\u00e9dio e longo prazos. Precisamos resolver o problema do deficit que a Previd\u00eancia tem\u201d, afirmou.<\/p>\n<p>&nbsp;<\/p>\n<p>Est\u00e1 marcada para a pr\u00f3xima segunda-feira uma reuni\u00e3o das centrais sindicais com o ministro da Casa Civil, Eliseu Padilha e o da Fazenda, Henrique Meirelles, no Pal\u00e1cio do Planalto. O presidente da For\u00e7a Sindical acrescentou que uma das sugest\u00f5es levadas ao presidente interino para estimular a gera\u00e7\u00e3o de empregos \u00e9 a edi\u00e7\u00e3o de uma medida provis\u00f3ria para tratar dos acordo de leni\u00eancia de empresas que t\u00eam diretores presos pela Opera\u00e7\u00e3o Lava-Jato, da Pol\u00edcia Federal. \u201cN\u00e3o queremos interferir na Lava-Jato, mas as empresas n\u00e3o podem pagar pelos malfeitos dos diretores; isso (os acordos) pode alavancar o setor da constru\u00e7\u00e3o civil, da constru\u00e7\u00e3o pesada\u201d, declarou.<\/p>\n<p>&nbsp;<\/p>\n<p>Ant\u00f4nio Neto, presidente da Central dos Sindicatos Brasileiros (CSB), ressaltou que a reuni\u00e3o tentou avan\u00e7ar na discuss\u00e3o de solu\u00e7\u00f5es para a crise econ\u00f4mica. \u201cQueremos apresentar sugest\u00f5es para reduzir o desemprego e colocar a economia para girar de forma que beneficie o povo\u201d, afirmou.<\/p>\n<p>&nbsp;<\/p>\n<p><em>Bras\u00edlia, 08h01min<\/em><\/p>\n","protected":false},"excerpt":{"rendered":"<p>POR C\u00c9LIA PERRONE &nbsp; Apesar da gritaria contr\u00e1ria das centrais sindicais, o presidente interino, Michel Temer, manter\u00e1 na proposta de reforma da Previd\u00eancia Social, que ser\u00e1 encaminhada ao Congresso Nacional, idade m\u00ednima para aposentadoria de 65 anos para homens e mulheres. Esse limite tamb\u00e9m valer\u00e1 para os servidores p\u00fablicos, cujo sistema poder\u00e1 ser unificado ao [&hellip;]<\/p>\n","protected":false},"author":22,"featured_media":0,"comment_status":"open","ping_status":"closed","sticky":false,"template":"","format":"standard","meta":{"footnotes":""},"categories":[1],"tags":[],"class_list":["post-1390","post","type-post","status-publish","format-standard","hentry","category-sem-categoria"],"_links":{"self":[{"href":"https:\/\/blogs.correiobraziliense.com.br\/vicente\/wp-json\/wp\/v2\/posts\/1390","targetHints":{"allow":["GET"]}}],"collection":[{"href":"https:\/\/blogs.correiobraziliense.com.br\/vicente\/wp-json\/wp\/v2\/posts"}],"about":[{"href":"https:\/\/blogs.correiobraziliense.com.br\/vicente\/wp-json\/wp\/v2\/types\/post"}],"author":[{"embeddable":true,"href":"https:\/\/blogs.correiobraziliense.com.br\/vicente\/wp-json\/wp\/v2\/users\/22"}],"replies":[{"embeddable":true,"href":"https:\/\/blogs.correiobraziliense.com.br\/vicente\/wp-json\/wp\/v2\/comments?post=1390"}],"version-history":[{"count":2,"href":"https:\/\/blogs.correiobraziliense.com.br\/vicente\/wp-json\/wp\/v2\/posts\/1390\/revisions"}],"predecessor-version":[{"id":1392,"href":"https:\/\/blogs.correiobraziliense.com.br\/vicente\/wp-json\/wp\/v2\/posts\/1390\/revisions\/1392"}],"wp:attachment":[{"href":"https:\/\/blogs.correiobraziliense.com.br\/vicente\/wp-json\/wp\/v2\/media?parent=1390"}],"wp:term":[{"taxonomy":"category","embeddable":true,"href":"https:\/\/blogs.correiobraziliense.com.br\/vicente\/wp-json\/wp\/v2\/categories?post=1390"},{"taxonomy":"post_tag","embeddable":true,"href":"https:\/\/blogs.correiobraziliense.com.br\/vicente\/wp-json\/wp\/v2\/tags?post=1390"}],"curies":[{"name":"wp","href":"https:\/\/api.w.org\/{rel}","templated":true}]}}