{"id":13882,"date":"2020-04-20T11:12:28","date_gmt":"2020-04-20T14:12:28","guid":{"rendered":"https:\/\/blogs.correiobraziliense.com.br\/vicente\/?p=13882"},"modified":"2020-04-20T11:39:20","modified_gmt":"2020-04-20T14:39:20","slug":"brasil-ja-teria-370-mil-casos-de-covid-19-segundo-estudo-de-banco-suico","status":"publish","type":"post","link":"https:\/\/blogs.correiobraziliense.com.br\/vicente\/brasil-ja-teria-370-mil-casos-de-covid-19-segundo-estudo-de-banco-suico\/","title":{"rendered":"Brasil j\u00e1 teria 370 mil casos de Covid-19, segundo estudo de banco su\u00ed\u00e7o"},"content":{"rendered":"<h2>ROSANA HESSEL<\/h2>\n<h2><\/h2>\n<h2>Os dados oficiais de cont\u00e1gio da Covid-19, pandemia provocada pelo novo coronav\u00edrus, est\u00e3o subestimados. Isso \u00e9 fato e autoridades n\u00e3o negam. Economistas do banco su\u00ed\u00e7o UBS fizeram uma estimativa de que o pa\u00eds j\u00e1 teria atingido 370 mil casos reais at\u00e9 13 de abril e esse n\u00famero pode chegar a 775 mil at\u00e9 o fim do m\u00eas, considerando estimativas comparativas de hist\u00f3ricos de outros pa\u00edses.<\/h2>\n<h2><\/h2>\n<p>Conforme o levantamento da institui\u00e7\u00e3o financeira, com 33 mil casos registrado at\u00e9 sexta-feira, o Brasil estava no 11\u00ba lugar entre 42 pa\u00edses. Pelos c\u00e1lculos dos economistas do UBS, quando o pa\u00eds chegar ao pico oficial de 65 mil no fim de abril, o n\u00famero real ter\u00e1 alcan\u00e7ado 775 mil, incluindo os pacientes assintom\u00e1ticos.<\/p>\n<p>&nbsp;<\/p>\n<p>Para chegar a esses n\u00fameros, o UBS fez uma compara\u00e7\u00e3o com a base de dados do Centro de Estudos do Coronav\u00edrus da Universidade Johns Hopkins de 42 pa\u00edses que atingiram mais de mil casos confirmados at\u00e9 31 de mar\u00e7o. Desse total de na\u00e7\u00f5es, 33 registraram restri\u00e7\u00f5es de mobilidade.<\/p>\n<p>&nbsp;<\/p>\n<p>O estudo do UBS destaca ainda que o\u00a0Brasil registrou 145 casos por milh\u00e3o de pessoas, enquanto os Estados Unidos, possui 2.054 casos por milh\u00e3o. Contudo, o pa\u00eds ainda fica atrasado em n\u00famero de testes 296 por milh\u00e3o de pessoas enquanto os EUA realiza 10.333 testes por milh\u00e3o e a Alemanha, 20.629. J\u00e1 o n\u00famero de mortes, de 9 por milh\u00e3o de pessoas \u00e9 menor do que o de 105, nos EUA, e de 49, na Alemanha.<\/p>\n<p>&nbsp;<\/p>\n<p>Na avalia\u00e7\u00e3o do banco su\u00ed\u00e7o, a prorroga\u00e7\u00e3o do distanciamento social em S\u00e3o Paulo para at\u00e9 de 10 de maio ser\u00e1 fundamental para medir os impactos econ\u00f4micos da pandemia e conter a doen\u00e7a (que ainda n\u00e3o tem uma vacina e j\u00e1 registra reincid\u00eancia de cont\u00e1gio na Coreia do Sul).\u00a0\u00a0\u201cSe o distanciamento social for mantido ou n\u00e3o al\u00e9m dessa data, ser\u00e1 decis\u00e3o-chave na mensura\u00e7\u00e3o dos custos econ\u00f4micos da crise para o Brasil\u201d, destaca o documento.<\/p>\n<p>&nbsp;<\/p>\n<p>Os dados oficiais atualizados indicam quase 40 mil casos confirmados, com cerca de 2,5 mil mortes por Covid-19.<\/p>\n","protected":false},"excerpt":{"rendered":"<p>ROSANA HESSEL Os dados oficiais de cont\u00e1gio da Covid-19, pandemia provocada pelo novo coronav\u00edrus, est\u00e3o subestimados. Isso \u00e9 fato e autoridades n\u00e3o negam. Economistas do banco su\u00ed\u00e7o UBS fizeram uma estimativa de que o pa\u00eds j\u00e1 teria atingido 370 mil casos reais at\u00e9 13 de abril e esse n\u00famero pode chegar a 775 mil at\u00e9 [&hellip;]<\/p>\n","protected":false},"author":22,"featured_media":13888,"comment_status":"open","ping_status":"closed","sticky":false,"template":"","format":"standard","meta":{"footnotes":""},"categories":[600],"tags":[4581,4419,4505,589,4510,2763],"class_list":["post-13882","post","type-post","status-publish","format-standard","has-post-thumbnail","hentry","category-economia","tag-casos","tag-coronavirus","tag-covid-19","tag-economia","tag-pandemia","tag-ubs"],"_links":{"self":[{"href":"https:\/\/blogs.correiobraziliense.com.br\/vicente\/wp-json\/wp\/v2\/posts\/13882","targetHints":{"allow":["GET"]}}],"collection":[{"href":"https:\/\/blogs.correiobraziliense.com.br\/vicente\/wp-json\/wp\/v2\/posts"}],"about":[{"href":"https:\/\/blogs.correiobraziliense.com.br\/vicente\/wp-json\/wp\/v2\/types\/post"}],"author":[{"embeddable":true,"href":"https:\/\/blogs.correiobraziliense.com.br\/vicente\/wp-json\/wp\/v2\/users\/22"}],"replies":[{"embeddable":true,"href":"https:\/\/blogs.correiobraziliense.com.br\/vicente\/wp-json\/wp\/v2\/comments?post=13882"}],"version-history":[{"count":5,"href":"https:\/\/blogs.correiobraziliense.com.br\/vicente\/wp-json\/wp\/v2\/posts\/13882\/revisions"}],"predecessor-version":[{"id":13889,"href":"https:\/\/blogs.correiobraziliense.com.br\/vicente\/wp-json\/wp\/v2\/posts\/13882\/revisions\/13889"}],"wp:featuredmedia":[{"embeddable":true,"href":"https:\/\/blogs.correiobraziliense.com.br\/vicente\/wp-json\/wp\/v2\/media\/13888"}],"wp:attachment":[{"href":"https:\/\/blogs.correiobraziliense.com.br\/vicente\/wp-json\/wp\/v2\/media?parent=13882"}],"wp:term":[{"taxonomy":"category","embeddable":true,"href":"https:\/\/blogs.correiobraziliense.com.br\/vicente\/wp-json\/wp\/v2\/categories?post=13882"},{"taxonomy":"post_tag","embeddable":true,"href":"https:\/\/blogs.correiobraziliense.com.br\/vicente\/wp-json\/wp\/v2\/tags?post=13882"}],"curies":[{"name":"wp","href":"https:\/\/api.w.org\/{rel}","templated":true}]}}